{"id":6960,"date":"2026-06-30T11:30:42","date_gmt":"2026-06-30T08:30:42","guid":{"rendered":"https:\/\/radarmedia.ro\/?p=6960"},"modified":"2026-06-30T11:30:42","modified_gmt":"2026-06-30T08:30:42","slug":"si-a-amenintat-tatal-cu-moartea-adolescent-de-17-ani-incatusat-si-dus-in-arest","status":"publish","type":"post","link":"https:\/\/radarmedia.ro\/index.php\/2026\/06\/30\/si-a-amenintat-tatal-cu-moartea-adolescent-de-17-ani-incatusat-si-dus-in-arest\/","title":{"rendered":"\u0218i-a amenin\u021bat tat\u0103l cu moartea. Adolescent de 17 ani, \u00eenc\u0103tu\u0219at \u0219i dus \u00een arest"},"content":{"rendered":"<p class=\"isSelectedEnd\">Un conflict izbucnit \u00een familie s-a \u00eencheiat cu re\u021binerea unui minor. Un adolescent de 17 ani din satul Vier\u0219ani, comuna Jup\u00e2ne\u0219ti, a fost dus \u00een arest dup\u0103 ce, potrivit poli\u021bi\u0219tilor, \u0219i-ar fi amenin\u021bat tat\u0103l cu acte de violen\u021b\u0103 \u0219i cu moartea, av\u00e2nd asupra sa un obiect contondent din lemn.\u00a0Incidentul a avut loc \u00een dup\u0103-amiaza zilei de 24 iunie \u0219i a fost provocat de un conflict spontan izbucnit pe fondul consumului de alcool. Victima este un b\u0103rbat de 63 de ani, tat\u0103l minorului.<\/p>\n<p class=\"isSelectedEnd\">Poli\u021bi\u0219tii din T\u00e2rgu-C\u0103rbune\u0219ti au dispus, ieri, 29 iunie, re\u021binerea t\u00e2n\u0103rului pentru 24 de ore. Acesta a fost introdus \u00een Centrul de Re\u021binere \u0219i Arestare Preventiv\u0103 al IPJ Gorj, fiind cercetat pentru amenin\u021bare \u0219i tulburarea ordinii \u0219i lini\u0219tii publice.<\/p>\n","protected":false},"excerpt":{"rendered":"<p class=\"text-justify mb-2\" >Un conflict izbucnit \u00een familie s-a \u00eencheiat cu re\u021binerea unui minor. Un adolescent de 17 ani din satul Vier\u0219ani, comuna Jup\u00e2ne\u0219ti, a fost dus \u00een arest dup\u0103 ce, potrivit poli\u021bi\u0219tilor, \u0219i-ar fi amenin\u021bat tat\u0103l cu acte de violen\u021b\u0103 \u0219i cu moartea, av\u00e2nd asupra sa un [&hellip;]<\/p>\n","protected":false},"author":2,"featured_media":1062,"comment_status":"open","ping_status":"open","sticky":false,"template":"","format":"standard","meta":{"footnotes":""},"categories":[13,4],"tags":[],"class_list":["post-6960","post","type-post","status-publish","format-standard","has-post-thumbnail","hentry","category-eveniment","category-ultima-ora"],"_links":{"self":[{"href":"https:\/\/radarmedia.ro\/index.php\/wp-json\/wp\/v2\/posts\/6960","targetHints":{"allow":["GET"]}}],"collection":[{"href":"https:\/\/radarmedia.ro\/index.php\/wp-json\/wp\/v2\/posts"}],"about":[{"href":"https:\/\/radarmedia.ro\/index.php\/wp-json\/wp\/v2\/types\/post"}],"author":[{"embeddable":true,"href":"https:\/\/radarmedia.ro\/index.php\/wp-json\/wp\/v2\/users\/2"}],"replies":[{"embeddable":true,"href":"https:\/\/radarmedia.ro\/index.php\/wp-json\/wp\/v2\/comments?post=6960"}],"version-history":[{"count":1,"href":"https:\/\/radarmedia.ro\/index.php\/wp-json\/wp\/v2\/posts\/6960\/revisions"}],"predecessor-version":[{"id":6961,"href":"https:\/\/radarmedia.ro\/index.php\/wp-json\/wp\/v2\/posts\/6960\/revisions\/6961"}],"wp:featuredmedia":[{"embeddable":true,"href":"https:\/\/radarmedia.ro\/index.php\/wp-json\/wp\/v2\/media\/1062"}],"wp:attachment":[{"href":"https:\/\/radarmedia.ro\/index.php\/wp-json\/wp\/v2\/media?parent=6960"}],"wp:term":[{"taxonomy":"category","embeddable":true,"href":"https:\/\/radarmedia.ro\/index.php\/wp-json\/wp\/v2\/categories?post=6960"},{"taxonomy":"post_tag","embeddable":true,"href":"https:\/\/radarmedia.ro\/index.php\/wp-json\/wp\/v2\/tags?post=6960"}],"curies":[{"name":"wp","href":"https:\/\/api.w.org\/{rel}","templated":true}]}}