{"id":6962,"date":"2026-06-30T11:40:28","date_gmt":"2026-06-30T08:40:28","guid":{"rendered":"https:\/\/radarmedia.ro\/?p=6962"},"modified":"2026-06-30T11:40:28","modified_gmt":"2026-06-30T08:40:28","slug":"prinsi-la-miezul-noptii-pe-un-fond-de-vanatoare-au-fugit-suspiciuni-de-braconaj","status":"publish","type":"post","link":"https:\/\/radarmedia.ro\/index.php\/2026\/06\/30\/prinsi-la-miezul-noptii-pe-un-fond-de-vanatoare-au-fugit-suspiciuni-de-braconaj\/","title":{"rendered":"Prin\u0219i la miezul nop\u021bii pe un fond de v\u00e2n\u0103toare, au fugit. Suspiciuni de braconaj"},"content":{"rendered":"<p class=\"isSelectedEnd\">O verificare efectuat\u0103 \u00een toiul nop\u021bii pe Fondul Cinegetic nr. 10 Sadu a dus la deschiderea unui dosar penal pentru braconaj cinegetic \u0219i nerespectarea regimului armelor \u0219i muni\u021biilor, dup\u0103 ce doi b\u0103rba\u021bi au refuzat controlul \u0219i au plecat \u00een grab\u0103 din zon\u0103.\u00a0Incidentul s-a petrecut \u00een noaptea de 26 spre 27 iunie, \u00een jurulmiezului nop\u021bii. Paznicul fondului cinegetic a oprit pentru verific\u0103ri un autoturism de teren, \u00eenmatriculat \u00een jude\u021bul Hunedoara, care circula pe un drum forestier din golul alpin.\u00a0\u00cen ma\u0219in\u0103 se aflau doi b\u0103rba\u021bi, de 49 \u0219i 45 de ani. Ace\u0219tia nu au reu\u0219it s\u0103 explice motivul prezen\u021bei lor \u00een zon\u0103, iar atunci c\u00e2nd li s-a cerut s\u0103 permit\u0103 verificarea autoturismului au refuzat \u0219i au p\u0103r\u0103sit locul \u00een grab\u0103.<\/p>\n<p class=\"isSelectedEnd\">\u00cen urma investiga\u021biilor, poli\u021bi\u0219tii din cadrul Biroului Arme, Explozivi \u0219i Substan\u021be Periculoase au stabilit c\u0103 niciunul dintre cei doi nu figureaz\u0103 ca fiind autorizat s\u0103 de\u021bin\u0103, s\u0103 poarte sau s\u0103 foloseasc\u0103 arme letale de v\u00e2n\u0103toare. Exist\u0103 suspiciuni c\u0103 ace\u0219tia ar fi participat la o partid\u0103 ilegal\u0103 de v\u00e2n\u0103toare desf\u0103\u0219urat\u0103 pe timp de noapte, folosind arme letale ne\u00eenregistrate.\u00a0Pe numele celor implica\u021bi a fost deschis un dosar penal, iar cercet\u0103rile continu\u0103 sub coordonarea procurorului de caz pentru clarificarea tuturor \u00eemprejur\u0103rilor \u0219i luarea m\u0103surilor legale.<\/p>\n","protected":false},"excerpt":{"rendered":"<p class=\"text-justify mb-2\" >O verificare efectuat\u0103 \u00een toiul nop\u021bii pe Fondul Cinegetic nr. 10 Sadu a dus la deschiderea unui dosar penal pentru braconaj cinegetic \u0219i nerespectarea regimului armelor \u0219i muni\u021biilor, dup\u0103 ce doi b\u0103rba\u021bi au refuzat controlul \u0219i au plecat \u00een grab\u0103 din zon\u0103.\u00a0Incidentul s-a petrecut \u00een [&hellip;]<\/p>\n","protected":false},"author":2,"featured_media":6963,"comment_status":"open","ping_status":"open","sticky":false,"template":"","format":"standard","meta":{"footnotes":""},"categories":[13,4],"tags":[],"class_list":["post-6962","post","type-post","status-publish","format-standard","has-post-thumbnail","hentry","category-eveniment","category-ultima-ora"],"_links":{"self":[{"href":"https:\/\/radarmedia.ro\/index.php\/wp-json\/wp\/v2\/posts\/6962","targetHints":{"allow":["GET"]}}],"collection":[{"href":"https:\/\/radarmedia.ro\/index.php\/wp-json\/wp\/v2\/posts"}],"about":[{"href":"https:\/\/radarmedia.ro\/index.php\/wp-json\/wp\/v2\/types\/post"}],"author":[{"embeddable":true,"href":"https:\/\/radarmedia.ro\/index.php\/wp-json\/wp\/v2\/users\/2"}],"replies":[{"embeddable":true,"href":"https:\/\/radarmedia.ro\/index.php\/wp-json\/wp\/v2\/comments?post=6962"}],"version-history":[{"count":1,"href":"https:\/\/radarmedia.ro\/index.php\/wp-json\/wp\/v2\/posts\/6962\/revisions"}],"predecessor-version":[{"id":6964,"href":"https:\/\/radarmedia.ro\/index.php\/wp-json\/wp\/v2\/posts\/6962\/revisions\/6964"}],"wp:featuredmedia":[{"embeddable":true,"href":"https:\/\/radarmedia.ro\/index.php\/wp-json\/wp\/v2\/media\/6963"}],"wp:attachment":[{"href":"https:\/\/radarmedia.ro\/index.php\/wp-json\/wp\/v2\/media?parent=6962"}],"wp:term":[{"taxonomy":"category","embeddable":true,"href":"https:\/\/radarmedia.ro\/index.php\/wp-json\/wp\/v2\/categories?post=6962"},{"taxonomy":"post_tag","embeddable":true,"href":"https:\/\/radarmedia.ro\/index.php\/wp-json\/wp\/v2\/tags?post=6962"}],"curies":[{"name":"wp","href":"https:\/\/api.w.org\/{rel}","templated":true}]}}