{"id":6965,"date":"2026-06-30T11:47:19","date_gmt":"2026-06-30T08:47:19","guid":{"rendered":"https:\/\/radarmedia.ro\/?p=6965"},"modified":"2026-06-30T11:47:19","modified_gmt":"2026-06-30T08:47:19","slug":"programul-de-circulatie-pe-transalpina-marit-cu-doua-ore","status":"publish","type":"post","link":"https:\/\/radarmedia.ro\/index.php\/2026\/06\/30\/programul-de-circulatie-pe-transalpina-marit-cu-doua-ore\/","title":{"rendered":"Programul de circula\u021bie pe Transalpina, m\u0103rit cu dou\u0103 ore"},"content":{"rendered":"<p><span style=\"font-family: Times New Roman, serif;\"><span style=\"font-size: large;\">\u00cencep\u00e2nd <span lang=\"ro-RO\">de m\u00e2ine,<\/span> 1 iulie, programul de circula\u021bie pe Transalpina va fi extins cu dou\u0103 ore, anun\u021b\u0103 autorit\u0103\u021bile. Astfel, traficul rutier va fi permis zilnic \u00eentre orele 07:00 \u0219i 21:00, pe sectoarele deschise circula\u021biei, \u00een special pe tronsonul R\u00e2nca \u2013 Curp\u0103t. \u00cen afara acestui interval, circula\u021bia va r\u0103m\u00e2ne interzis\u0103 pe timpul nop\u021bii, m\u0103sur\u0103 men\u021binut\u0103 din cauza riscurilor specifice zonei montane. Restric\u021biile de tonaj r\u0103m\u00e2n \u00een vigoare, accesul fiind permis, \u00een general, doar autovehiculelor cu masa maxim\u0103 de p\u00e2n\u0103 la 3,5 tone.\u00a0<\/span><\/span><span style=\"font-family: Times New Roman, serif;\"><span style=\"font-size: large;\">De asemenea, pe \u00eentreaga por\u021biune deschis\u0103 circula\u021biei se men\u021bine limita de vitez\u0103 de 30 km\/h. M\u0103sura are rolul de a cre\u0219te siguran\u021ba rutier\u0103, av\u00e2nd \u00een vedere curbele periculoase, diferen\u021bele mari de nivel \u0219i condi\u021biile meteorologice care se pot schimba rapid.<\/span><\/span><\/p>\n<p><span style=\"font-family: Times New Roman, serif;\"><span style=\"font-size: large;\">Autorit\u0103\u021bile atrag aten\u021bia c\u0103, inclusiv \u00een sezonul de var\u0103, circula\u021bia pe Transalpina poate fi restric\u021bionat\u0103 temporar din cauza ce\u021bii dense, ploilor, fenomenelor meteo nefavorabile sau a lucr\u0103rilor de \u00eentre\u021binere. \u0218oferii sunt sf\u0103tui\u021bi s\u0103 verifice starea drumului \u00eenainte de a porni la drum, \u00eentruc\u00e2t pot ap\u0103rea modific\u0103ri de ultim moment.<\/span><\/span><\/p>\n","protected":false},"excerpt":{"rendered":"<p class=\"text-justify mb-2\" >\u00cencep\u00e2nd de m\u00e2ine, 1 iulie, programul de circula\u021bie pe Transalpina va fi extins cu dou\u0103 ore, anun\u021b\u0103 autorit\u0103\u021bile. Astfel, traficul rutier va fi permis zilnic \u00eentre orele 07:00 \u0219i 21:00, pe sectoarele deschise circula\u021biei, \u00een special pe tronsonul R\u00e2nca \u2013 Curp\u0103t. \u00cen afara acestui interval, [&hellip;]<\/p>\n","protected":false},"author":2,"featured_media":6966,"comment_status":"open","ping_status":"open","sticky":false,"template":"","format":"standard","meta":{"footnotes":""},"categories":[5,4],"tags":[],"class_list":["post-6965","post","type-post","status-publish","format-standard","has-post-thumbnail","hentry","category-actualitate","category-ultima-ora"],"_links":{"self":[{"href":"https:\/\/radarmedia.ro\/index.php\/wp-json\/wp\/v2\/posts\/6965","targetHints":{"allow":["GET"]}}],"collection":[{"href":"https:\/\/radarmedia.ro\/index.php\/wp-json\/wp\/v2\/posts"}],"about":[{"href":"https:\/\/radarmedia.ro\/index.php\/wp-json\/wp\/v2\/types\/post"}],"author":[{"embeddable":true,"href":"https:\/\/radarmedia.ro\/index.php\/wp-json\/wp\/v2\/users\/2"}],"replies":[{"embeddable":true,"href":"https:\/\/radarmedia.ro\/index.php\/wp-json\/wp\/v2\/comments?post=6965"}],"version-history":[{"count":1,"href":"https:\/\/radarmedia.ro\/index.php\/wp-json\/wp\/v2\/posts\/6965\/revisions"}],"predecessor-version":[{"id":6967,"href":"https:\/\/radarmedia.ro\/index.php\/wp-json\/wp\/v2\/posts\/6965\/revisions\/6967"}],"wp:featuredmedia":[{"embeddable":true,"href":"https:\/\/radarmedia.ro\/index.php\/wp-json\/wp\/v2\/media\/6966"}],"wp:attachment":[{"href":"https:\/\/radarmedia.ro\/index.php\/wp-json\/wp\/v2\/media?parent=6965"}],"wp:term":[{"taxonomy":"category","embeddable":true,"href":"https:\/\/radarmedia.ro\/index.php\/wp-json\/wp\/v2\/categories?post=6965"},{"taxonomy":"post_tag","embeddable":true,"href":"https:\/\/radarmedia.ro\/index.php\/wp-json\/wp\/v2\/tags?post=6965"}],"curies":[{"name":"wp","href":"https:\/\/api.w.org\/{rel}","templated":true}]}}