{"id":6969,"date":"2026-07-01T09:39:56","date_gmt":"2026-07-01T06:39:56","guid":{"rendered":"https:\/\/radarmedia.ro\/?p=6969"},"modified":"2026-07-01T09:39:56","modified_gmt":"2026-07-01T06:39:56","slug":"atentie-restrictii-pe-dn-67-tronson-de-drum-in-reabilitare-intre-targu-jiu-si-balanesti","status":"publish","type":"post","link":"https:\/\/radarmedia.ro\/index.php\/2026\/07\/01\/atentie-restrictii-pe-dn-67-tronson-de-drum-in-reabilitare-intre-targu-jiu-si-balanesti\/","title":{"rendered":"Aten\u021bie, restric\u021bii pe DN 67. Tronson de drum, \u00een reabilitare, \u00eentre T\u00e2rgu Jiu \u0219i B\u0103l\u0103ne\u0219ti"},"content":{"rendered":"<p data-start=\"102\" data-end=\"358\">Sunt restric\u021bii pe un tronson de drum na\u021bional din jude\u021bul Gorj, care intr\u0103 \u00een reabilitare. Drumarii au demarat lucr\u0103rile de a\u0219ternere a unui covor asfaltic pe DN 67, \u00eentre varianta de ocolire a municipiului T\u00e2rgu Jiu \u0219i intersec\u021bia cu localitatea B\u0103l\u0103ne\u0219ti, \u00een zona Dr\u0103goieni.\u00a0Lucr\u0103rile se desf\u0103\u0219oar\u0103 pe o por\u021biune de aproximativ 3,73 kilometri, \u00eentre kilometrii 86+970 \u0219i 90+700, \u0219i fac parte din programul de \u00eentre\u021binere periodic\u0103 a drumului na\u021bional.<\/p>\n<p data-start=\"538\" data-end=\"735\">Interven\u021biile includ frezarea stratului de asfalt degradat, turnarea unui nou covor asfaltic \u0219i refacerea marcajelor rutiere, pentru cre\u0219terea siguran\u021bei \u0219i a confortului participan\u021bilor la trafic.\u00a0Pe perioada lucr\u0103rilor, circula\u021bia se va desf\u0103\u0219ura cu restric\u021bii temporare, \u00een func\u021bie de zona \u00een care se intervine, iar traficul va fi dirijat atunci c\u00e2nd situa\u021bia o va impune.<\/p>\n<p data-start=\"916\" data-end=\"1085\" data-is-last-node=\"\" data-is-only-node=\"\">\u0218oferii sunt sf\u0103tui\u021bi s\u0103 circule cu aten\u021bie, s\u0103 respecte semnalizarea rutier\u0103 temporar\u0103 \u0219i indica\u021biile personalului din teren pentru a evita incidentele \u0219i \u00eent\u00e2rzierile.<\/p>\n","protected":false},"excerpt":{"rendered":"<p class=\"text-justify mb-2\" >Sunt restric\u021bii pe un tronson de drum na\u021bional din jude\u021bul Gorj, care intr\u0103 \u00een reabilitare. Drumarii au demarat lucr\u0103rile de a\u0219ternere a unui covor asfaltic pe DN 67, \u00eentre varianta de ocolire a municipiului T\u00e2rgu Jiu \u0219i intersec\u021bia cu localitatea B\u0103l\u0103ne\u0219ti, \u00een zona Dr\u0103goieni.\u00a0Lucr\u0103rile se [&hellip;]<\/p>\n","protected":false},"author":2,"featured_media":6970,"comment_status":"open","ping_status":"open","sticky":false,"template":"","format":"standard","meta":{"footnotes":""},"categories":[13,4],"tags":[],"class_list":["post-6969","post","type-post","status-publish","format-standard","has-post-thumbnail","hentry","category-eveniment","category-ultima-ora"],"_links":{"self":[{"href":"https:\/\/radarmedia.ro\/index.php\/wp-json\/wp\/v2\/posts\/6969","targetHints":{"allow":["GET"]}}],"collection":[{"href":"https:\/\/radarmedia.ro\/index.php\/wp-json\/wp\/v2\/posts"}],"about":[{"href":"https:\/\/radarmedia.ro\/index.php\/wp-json\/wp\/v2\/types\/post"}],"author":[{"embeddable":true,"href":"https:\/\/radarmedia.ro\/index.php\/wp-json\/wp\/v2\/users\/2"}],"replies":[{"embeddable":true,"href":"https:\/\/radarmedia.ro\/index.php\/wp-json\/wp\/v2\/comments?post=6969"}],"version-history":[{"count":1,"href":"https:\/\/radarmedia.ro\/index.php\/wp-json\/wp\/v2\/posts\/6969\/revisions"}],"predecessor-version":[{"id":6971,"href":"https:\/\/radarmedia.ro\/index.php\/wp-json\/wp\/v2\/posts\/6969\/revisions\/6971"}],"wp:featuredmedia":[{"embeddable":true,"href":"https:\/\/radarmedia.ro\/index.php\/wp-json\/wp\/v2\/media\/6970"}],"wp:attachment":[{"href":"https:\/\/radarmedia.ro\/index.php\/wp-json\/wp\/v2\/media?parent=6969"}],"wp:term":[{"taxonomy":"category","embeddable":true,"href":"https:\/\/radarmedia.ro\/index.php\/wp-json\/wp\/v2\/categories?post=6969"},{"taxonomy":"post_tag","embeddable":true,"href":"https:\/\/radarmedia.ro\/index.php\/wp-json\/wp\/v2\/tags?post=6969"}],"curies":[{"name":"wp","href":"https:\/\/api.w.org\/{rel}","templated":true}]}}