{"id":6975,"date":"2026-07-01T15:27:38","date_gmt":"2026-07-01T12:27:38","guid":{"rendered":"https:\/\/radarmedia.ro\/?p=6975"},"modified":"2026-07-01T15:27:38","modified_gmt":"2026-07-01T12:27:38","slug":"doi-elevi-din-targu-jiu-au-sustinut-bacalaureatul-in-spital","status":"publish","type":"post","link":"https:\/\/radarmedia.ro\/index.php\/2026\/07\/01\/doi-elevi-din-targu-jiu-au-sustinut-bacalaureatul-in-spital\/","title":{"rendered":"Doi elevi din T\u00e2rgu Jiu au sus\u021binut Bacalaureatul \u00een spital"},"content":{"rendered":"<p class=\"isSelectedEnd\">Doi elevi din municipiul T\u00e2rgu Jiu au demonstrat c\u0103 examenul de Bacalaureat poate fi sus\u021binut chiar \u0219i \u00een cele mai dificile momente. R\u0103zvan Cosoreci, elev al Colegiului Na\u021bional \u201eEcaterina Teodoroiu\u201d \u0219i Raisa Ani\u021ba, elev\u0103 a Colegiului Na\u021bional \u201eTudor Vladimirescu\u201d, au sus\u021binut miercuri cea de-a doua prob\u0103 scris\u0103 a examenului de Bacalaureat din salonul Spitalului Jude\u021bean de Urgen\u021b\u0103 T\u00e2rgu Jiu.<\/p>\n<p class=\"isSelectedEnd\">Cei doi adolescen\u021bi sunt interna\u021bi \u00een Sec\u021bia Chirurgie General\u0103 II, dup\u0103 ce au fost opera\u021bi laparoscopic de urgen\u021b\u0103. R\u0103zvan a fost supus interven\u021biei \u00een 28 iunie, iar Raisa \u00een noaptea de mar\u021bi spre miercuri. De altfel, R\u0103zvan a sus\u021binut \u0219i prima prob\u0103 a examenului tot din spital.\u00a0Potrivit reprezentan\u021bilor Spitalului Jude\u021bean de Urgen\u021b\u0103 T\u00e2rgu Jiu, folosirea tehnicii laparoscopice a permis o recuperare rapid\u0103, astfel \u00eenc\u00e2t starea de s\u0103n\u0103tate a elevilor le-a permis s\u0103 participe la examen.<\/p>\n<p class=\"isSelectedEnd\">\u00cen colaborare cu Inspectoratul \u0218colar Jude\u021bean Gorj, conducerea unit\u0103\u021bii medicale a amenajat spa\u021biile necesare \u0219i a asigurat toate condi\u021biile prev\u0103zute de metodologia examenului. Pe durata desf\u0103\u0219ur\u0103rii probei, cadrele medicale au monitorizat permanent starea de s\u0103n\u0103tate a celor doi candida\u021bi.<\/p>\n<p>Cei doi adolescen\u021bi vor r\u0103m\u00e2ne interna\u021bi \u0219i vor sus\u021bine joi, tot din spital, \u0219i cea de-a treia prob\u0103 scris\u0103 a examenului de Bacalaureat.<\/p>\n","protected":false},"excerpt":{"rendered":"<p class=\"text-justify mb-2\" >Doi elevi din municipiul T\u00e2rgu Jiu au demonstrat c\u0103 examenul de Bacalaureat poate fi sus\u021binut chiar \u0219i \u00een cele mai dificile momente. R\u0103zvan Cosoreci, elev al Colegiului Na\u021bional \u201eEcaterina Teodoroiu\u201d \u0219i Raisa Ani\u021ba, elev\u0103 a Colegiului Na\u021bional \u201eTudor Vladimirescu\u201d, au sus\u021binut miercuri cea de-a doua [&hellip;]<\/p>\n","protected":false},"author":2,"featured_media":6976,"comment_status":"open","ping_status":"open","sticky":false,"template":"","format":"standard","meta":{"footnotes":""},"categories":[5,4],"tags":[],"class_list":["post-6975","post","type-post","status-publish","format-standard","has-post-thumbnail","hentry","category-actualitate","category-ultima-ora"],"_links":{"self":[{"href":"https:\/\/radarmedia.ro\/index.php\/wp-json\/wp\/v2\/posts\/6975","targetHints":{"allow":["GET"]}}],"collection":[{"href":"https:\/\/radarmedia.ro\/index.php\/wp-json\/wp\/v2\/posts"}],"about":[{"href":"https:\/\/radarmedia.ro\/index.php\/wp-json\/wp\/v2\/types\/post"}],"author":[{"embeddable":true,"href":"https:\/\/radarmedia.ro\/index.php\/wp-json\/wp\/v2\/users\/2"}],"replies":[{"embeddable":true,"href":"https:\/\/radarmedia.ro\/index.php\/wp-json\/wp\/v2\/comments?post=6975"}],"version-history":[{"count":1,"href":"https:\/\/radarmedia.ro\/index.php\/wp-json\/wp\/v2\/posts\/6975\/revisions"}],"predecessor-version":[{"id":6977,"href":"https:\/\/radarmedia.ro\/index.php\/wp-json\/wp\/v2\/posts\/6975\/revisions\/6977"}],"wp:featuredmedia":[{"embeddable":true,"href":"https:\/\/radarmedia.ro\/index.php\/wp-json\/wp\/v2\/media\/6976"}],"wp:attachment":[{"href":"https:\/\/radarmedia.ro\/index.php\/wp-json\/wp\/v2\/media?parent=6975"}],"wp:term":[{"taxonomy":"category","embeddable":true,"href":"https:\/\/radarmedia.ro\/index.php\/wp-json\/wp\/v2\/categories?post=6975"},{"taxonomy":"post_tag","embeddable":true,"href":"https:\/\/radarmedia.ro\/index.php\/wp-json\/wp\/v2\/tags?post=6975"}],"curies":[{"name":"wp","href":"https:\/\/api.w.org\/{rel}","templated":true}]}}