{"id":6983,"date":"2026-07-02T12:17:12","date_gmt":"2026-07-02T09:17:12","guid":{"rendered":"https:\/\/radarmedia.ro\/?p=6983"},"modified":"2026-07-02T12:19:57","modified_gmt":"2026-07-02T09:19:57","slug":"si-a-amenintat-sotia-si-a-ajuns-in-arest","status":"publish","type":"post","link":"https:\/\/radarmedia.ro\/index.php\/2026\/07\/02\/si-a-amenintat-sotia-si-a-ajuns-in-arest\/","title":{"rendered":"\u0218i-a amenin\u021bat so\u021bia cu incendierea casei \u0219i a ajuns \u00een arest"},"content":{"rendered":"<p class=\"isSelectedEnd\">Un b\u0103rbat de 41 de ani, din T\u00e2rgu Jiu, a fost re\u021binut pentru 24 de ore dup\u0103 ce ar fi \u00eenc\u0103lcat un ordin de protec\u021bie provizoriu \u0219i \u0219i-ar fi amenin\u021bat so\u021bia.\u00a0Potrivit poli\u021bi\u0219tilor, \u00een noaptea de 1 iulie, acesta ar fi p\u0103truns \u00een curtea locuin\u021bei \u0219i s-ar fi apropiat de so\u021bia sa, \u00een v\u00e2rst\u0103 de 25 de ani, de\u0219i avea interdic\u021bia de a face acest lucru prin ordinul de protec\u021bie emis \u00eempotriva sa. De asemenea, b\u0103rbatul ar fi amenin\u021bat-o c\u0103 va incendia locuin\u021ba, provoc\u00e2ndu-i o stare de temere.<\/p>\n<p>\u00cen urma probatoriului administrat, poli\u021bi\u0219tii l-au re\u021binut pentru 24 de ore, acesta fiind introdus \u00een Centrul de Re\u021binere \u0219i Arestare Preventiv\u0103 al IPJ Gorj. Cercet\u0103rile continu\u0103 sub aspectul s\u0103v\u00e2r\u0219irii infrac\u021biunilor de amenin\u021bare \u0219i \u00eenc\u0103lcarea m\u0103surilor dispuse prin ordinul de protec\u021bie.<\/p>\n","protected":false},"excerpt":{"rendered":"<p class=\"text-justify mb-2\" >Un b\u0103rbat de 41 de ani, din T\u00e2rgu Jiu, a fost re\u021binut pentru 24 de ore dup\u0103 ce ar fi \u00eenc\u0103lcat un ordin de protec\u021bie provizoriu \u0219i \u0219i-ar fi amenin\u021bat so\u021bia.\u00a0Potrivit poli\u021bi\u0219tilor, \u00een noaptea de 1 iulie, acesta ar fi p\u0103truns \u00een curtea locuin\u021bei \u0219i [&hellip;]<\/p>\n","protected":false},"author":2,"featured_media":1062,"comment_status":"open","ping_status":"open","sticky":false,"template":"","format":"standard","meta":{"footnotes":""},"categories":[13,4],"tags":[],"class_list":["post-6983","post","type-post","status-publish","format-standard","has-post-thumbnail","hentry","category-eveniment","category-ultima-ora"],"_links":{"self":[{"href":"https:\/\/radarmedia.ro\/index.php\/wp-json\/wp\/v2\/posts\/6983","targetHints":{"allow":["GET"]}}],"collection":[{"href":"https:\/\/radarmedia.ro\/index.php\/wp-json\/wp\/v2\/posts"}],"about":[{"href":"https:\/\/radarmedia.ro\/index.php\/wp-json\/wp\/v2\/types\/post"}],"author":[{"embeddable":true,"href":"https:\/\/radarmedia.ro\/index.php\/wp-json\/wp\/v2\/users\/2"}],"replies":[{"embeddable":true,"href":"https:\/\/radarmedia.ro\/index.php\/wp-json\/wp\/v2\/comments?post=6983"}],"version-history":[{"count":3,"href":"https:\/\/radarmedia.ro\/index.php\/wp-json\/wp\/v2\/posts\/6983\/revisions"}],"predecessor-version":[{"id":6986,"href":"https:\/\/radarmedia.ro\/index.php\/wp-json\/wp\/v2\/posts\/6983\/revisions\/6986"}],"wp:featuredmedia":[{"embeddable":true,"href":"https:\/\/radarmedia.ro\/index.php\/wp-json\/wp\/v2\/media\/1062"}],"wp:attachment":[{"href":"https:\/\/radarmedia.ro\/index.php\/wp-json\/wp\/v2\/media?parent=6983"}],"wp:term":[{"taxonomy":"category","embeddable":true,"href":"https:\/\/radarmedia.ro\/index.php\/wp-json\/wp\/v2\/categories?post=6983"},{"taxonomy":"post_tag","embeddable":true,"href":"https:\/\/radarmedia.ro\/index.php\/wp-json\/wp\/v2\/tags?post=6983"}],"curies":[{"name":"wp","href":"https:\/\/api.w.org\/{rel}","templated":true}]}}