{"id":6987,"date":"2026-07-02T12:24:47","date_gmt":"2026-07-02T09:24:47","guid":{"rendered":"https:\/\/radarmedia.ro\/?p=6987"},"modified":"2026-07-02T12:24:47","modified_gmt":"2026-07-02T09:24:47","slug":"la-volan-cu-alcoolemie-de-112-ml-l","status":"publish","type":"post","link":"https:\/\/radarmedia.ro\/index.php\/2026\/07\/02\/la-volan-cu-alcoolemie-de-112-ml-l\/","title":{"rendered":"La volan, cu alcoolemie de 1,12 ml\/l"},"content":{"rendered":"<p class=\"isSelectedEnd\">Poli\u021bi\u0219tii din cadrul Biroului Ordine Public\u0103 \u0219i Biroului Rutier T\u00e2rgu Jiu au depistat, ieri, un b\u0103rbat de 39 de ani, din municipiu, \u00een timp ce conducea un autoturism pe strada Vulcan, de\u0219i consumase alcool.\u00a0La testarea cu aparatul etilotest, rezultatul a indicat o concentra\u021bie de 1,12 mg\/l alcool pur \u00een aerul expirat. \u0218oferul a fost condus la spital pentru recoltarea de probe biologice, \u00een vederea stabilirii alcoolemiei.<\/p>\n<p>Pe numele acestuia a fost \u00eentocmit dosar penal pentru conducerea unui vehicul sub influen\u021ba alcoolului.<\/p>\n","protected":false},"excerpt":{"rendered":"<p class=\"text-justify mb-2\" >Poli\u021bi\u0219tii din cadrul Biroului Ordine Public\u0103 \u0219i Biroului Rutier T\u00e2rgu Jiu au depistat, ieri, un b\u0103rbat de 39 de ani, din municipiu, \u00een timp ce conducea un autoturism pe strada Vulcan, de\u0219i consumase alcool.\u00a0La testarea cu aparatul etilotest, rezultatul a indicat o concentra\u021bie de 1,12 [&hellip;]<\/p>\n","protected":false},"author":2,"featured_media":6988,"comment_status":"open","ping_status":"open","sticky":false,"template":"","format":"standard","meta":{"footnotes":""},"categories":[13,4],"tags":[],"class_list":["post-6987","post","type-post","status-publish","format-standard","has-post-thumbnail","hentry","category-eveniment","category-ultima-ora"],"_links":{"self":[{"href":"https:\/\/radarmedia.ro\/index.php\/wp-json\/wp\/v2\/posts\/6987","targetHints":{"allow":["GET"]}}],"collection":[{"href":"https:\/\/radarmedia.ro\/index.php\/wp-json\/wp\/v2\/posts"}],"about":[{"href":"https:\/\/radarmedia.ro\/index.php\/wp-json\/wp\/v2\/types\/post"}],"author":[{"embeddable":true,"href":"https:\/\/radarmedia.ro\/index.php\/wp-json\/wp\/v2\/users\/2"}],"replies":[{"embeddable":true,"href":"https:\/\/radarmedia.ro\/index.php\/wp-json\/wp\/v2\/comments?post=6987"}],"version-history":[{"count":1,"href":"https:\/\/radarmedia.ro\/index.php\/wp-json\/wp\/v2\/posts\/6987\/revisions"}],"predecessor-version":[{"id":6989,"href":"https:\/\/radarmedia.ro\/index.php\/wp-json\/wp\/v2\/posts\/6987\/revisions\/6989"}],"wp:featuredmedia":[{"embeddable":true,"href":"https:\/\/radarmedia.ro\/index.php\/wp-json\/wp\/v2\/media\/6988"}],"wp:attachment":[{"href":"https:\/\/radarmedia.ro\/index.php\/wp-json\/wp\/v2\/media?parent=6987"}],"wp:term":[{"taxonomy":"category","embeddable":true,"href":"https:\/\/radarmedia.ro\/index.php\/wp-json\/wp\/v2\/categories?post=6987"},{"taxonomy":"post_tag","embeddable":true,"href":"https:\/\/radarmedia.ro\/index.php\/wp-json\/wp\/v2\/tags?post=6987"}],"curies":[{"name":"wp","href":"https:\/\/api.w.org\/{rel}","templated":true}]}}