{"id":6990,"date":"2026-07-02T12:56:45","date_gmt":"2026-07-02T09:56:45","guid":{"rendered":"https:\/\/radarmedia.ro\/?p=6990"},"modified":"2026-07-02T12:56:45","modified_gmt":"2026-07-02T09:56:45","slug":"doi-batrani-evacuati-din-azilele-de-la-bihor-relocati-in-gorj","status":"publish","type":"post","link":"https:\/\/radarmedia.ro\/index.php\/2026\/07\/02\/doi-batrani-evacuati-din-azilele-de-la-bihor-relocati-in-gorj\/","title":{"rendered":"Doi b\u0103tr\u00e2ni evacua\u021bi din azilele de la Bihor, reloca\u021bi \u00een Gorj"},"content":{"rendered":"<p><span style=\"font-size: large;\">Dou\u0103 persoane v\u00e2rstnice, dintre cele 409 evacuate din centrele reziden\u021biale ilegale descoperite \u00een jude\u021bul Bihor, \u00een urma anchetei DIICOT, au fost relocate \u00een Gorj. Acestea au fost preluate de Direc\u021bia General\u0103 de Asisten\u021b\u0103 Social\u0103 \u0219i Protec\u021bia Copilului (DGASPC) Gorj \u0219i sunt g\u0103zduite \u00eentr-un centru reziden\u021bial al institu\u021biei.<\/span><\/p>\n<p><span style=\"font-size: large;\">Potrivit DGASPC Gorj, este vorba despre un b\u0103rbat \u0219i o femeie, niciunul dintre ei neav\u00e2nd domiciliul \u00een jude\u021b. Transferul a fost realizat la solicitarea Autorit\u0103\u021bii Na\u021bionale pentru Protec\u021bia Drepturilor Persoanelor cu Dizabilit\u0103\u021bi, pentru asigurarea continuit\u0103\u021bii serviciilor de asisten\u021b\u0103 social\u0103\u201d, au transmis reprezentan\u021bii DGASPC Gorj. Cei doi vor beneficia de cazare, \u00eengrijire \u0219i asisten\u021b\u0103 de specialitate \u00een cadrul centrului \u00een care au fost repartiza\u021bi. <\/span><\/p>\n<p><span style=\"font-size: large;\">La nivel na\u021bional, ministrul interimar al Muncii, Drago\u0219 P\u00eeslaru, a anun\u021bat c\u0103 toate cele 409 persoane vulnerabile evacuate din centrele ilegale au fost preluate \u00een siguran\u021b\u0103. Dintre acestea, 391 au fost relocate \u00een servicii sociale licen\u021biate din 19 jude\u021be, inclusiv Gorj, iar alte 18 au r\u0103mas internate \u00een spitale din Bihor pentru evalu\u0103ri medicale. \u00cen perioada urm\u0103toare, fiecare beneficiar va fi evaluat din punct de vedere medical, social \u0219i psihologic, urm\u00e2nd s\u0103 fie stabilite solu\u021bii de protec\u021bie pe termen lung.<\/span><\/p>\n","protected":false},"excerpt":{"rendered":"<p class=\"text-justify mb-2\" >Dou\u0103 persoane v\u00e2rstnice, dintre cele 409 evacuate din centrele reziden\u021biale ilegale descoperite \u00een jude\u021bul Bihor, \u00een urma anchetei DIICOT, au fost relocate \u00een Gorj. Acestea au fost preluate de Direc\u021bia General\u0103 de Asisten\u021b\u0103 Social\u0103 \u0219i Protec\u021bia Copilului (DGASPC) Gorj \u0219i sunt g\u0103zduite \u00eentr-un centru reziden\u021bial [&hellip;]<\/p>\n","protected":false},"author":2,"featured_media":6991,"comment_status":"open","ping_status":"open","sticky":false,"template":"","format":"standard","meta":{"footnotes":""},"categories":[5,2,4],"tags":[],"class_list":["post-6990","post","type-post","status-publish","format-standard","has-post-thumbnail","hentry","category-actualitate","category-featured","category-ultima-ora"],"_links":{"self":[{"href":"https:\/\/radarmedia.ro\/index.php\/wp-json\/wp\/v2\/posts\/6990","targetHints":{"allow":["GET"]}}],"collection":[{"href":"https:\/\/radarmedia.ro\/index.php\/wp-json\/wp\/v2\/posts"}],"about":[{"href":"https:\/\/radarmedia.ro\/index.php\/wp-json\/wp\/v2\/types\/post"}],"author":[{"embeddable":true,"href":"https:\/\/radarmedia.ro\/index.php\/wp-json\/wp\/v2\/users\/2"}],"replies":[{"embeddable":true,"href":"https:\/\/radarmedia.ro\/index.php\/wp-json\/wp\/v2\/comments?post=6990"}],"version-history":[{"count":1,"href":"https:\/\/radarmedia.ro\/index.php\/wp-json\/wp\/v2\/posts\/6990\/revisions"}],"predecessor-version":[{"id":6992,"href":"https:\/\/radarmedia.ro\/index.php\/wp-json\/wp\/v2\/posts\/6990\/revisions\/6992"}],"wp:featuredmedia":[{"embeddable":true,"href":"https:\/\/radarmedia.ro\/index.php\/wp-json\/wp\/v2\/media\/6991"}],"wp:attachment":[{"href":"https:\/\/radarmedia.ro\/index.php\/wp-json\/wp\/v2\/media?parent=6990"}],"wp:term":[{"taxonomy":"category","embeddable":true,"href":"https:\/\/radarmedia.ro\/index.php\/wp-json\/wp\/v2\/categories?post=6990"},{"taxonomy":"post_tag","embeddable":true,"href":"https:\/\/radarmedia.ro\/index.php\/wp-json\/wp\/v2\/tags?post=6990"}],"curies":[{"name":"wp","href":"https:\/\/api.w.org\/{rel}","templated":true}]}}