{"id":6994,"date":"2026-07-02T14:45:38","date_gmt":"2026-07-02T11:45:38","guid":{"rendered":"https:\/\/radarmedia.ro\/?p=6994"},"modified":"2026-07-02T14:45:38","modified_gmt":"2026-07-02T11:45:38","slug":"perchezitii-la-subunitati-ceo-si-firme-private-acuzatii-de-decontari-ilegaje","status":"publish","type":"post","link":"https:\/\/radarmedia.ro\/index.php\/2026\/07\/02\/perchezitii-la-subunitati-ceo-si-firme-private-acuzatii-de-decontari-ilegaje\/","title":{"rendered":"Perchezi\u021bii la subunit\u0103\u021bi CEO \u0219i firme private. Acuza\u021bii de decont\u0103ri ilegaje"},"content":{"rendered":"<p>Poli\u021bi\u0219tii Serviciului de Investigare a Criminalit\u0103\u021bii Economice din cadrul IPJ Gorj au descins, joi diminea\u021b\u0103, la mai multe subunit\u0103\u021bi ale Complexului Energetic Oltenia, \u00een cadrul unei anchete privind presupuse decont\u0103ri nelegale ale unor prest\u0103ri de servicii cu utilaje. \u00cen total, au fost puse \u00een executare opt mandate de perchezi\u021bie, at\u00e2t la sedii de firme \u0219i subunit\u0103\u021bi miniere ale CEO, c\u00e2t \u0219i la locuin\u021bele unor persoane. \u0218apte dintre perchezi\u021bii au avut loc \u00een jude\u021bul Gorj, \u00een T\u00e2rgu Jiu, Motru \u0219i T\u00e2rgu C\u0103rbune\u0219ti, iar una \u00een comuna \u0218i\u0219e\u0219ti, jude\u021bul Mehedin\u021bi.<\/p>\n<p>Dosarul vizeaz\u0103 activit\u0103\u021bi desf\u0103\u0219urate \u00een perioada 2025\u20132026, iar cercet\u0103rile sunt efectuate pentru abuz \u00een serviciu \u0219i fals \u00een \u00eenscrisuri sub semn\u0103tur\u0103 privat\u0103, sub coordonarea procurorului de caz din cadrul Parchetului de pe l\u00e2ng\u0103 Judec\u0103toria T\u00e2rgu Jiu.<\/p>\n<p lang=\"ro-RO\">La jum\u0103tatea lunii mai, CE Oltenia a fost vizat de alte perchezi\u021bii, privind \u00eenchirierea de mijloace de transport pentru susunit\u0103\u021bi, tot de la firme private.<\/p>\n","protected":false},"excerpt":{"rendered":"<p class=\"text-justify mb-2\" >Poli\u021bi\u0219tii Serviciului de Investigare a Criminalit\u0103\u021bii Economice din cadrul IPJ Gorj au descins, joi diminea\u021b\u0103, la mai multe subunit\u0103\u021bi ale Complexului Energetic Oltenia, \u00een cadrul unei anchete privind presupuse decont\u0103ri nelegale ale unor prest\u0103ri de servicii cu utilaje. \u00cen total, au fost puse \u00een executare [&hellip;]<\/p>\n","protected":false},"author":2,"featured_media":6995,"comment_status":"open","ping_status":"open","sticky":false,"template":"","format":"standard","meta":{"footnotes":""},"categories":[13,2,4],"tags":[],"class_list":["post-6994","post","type-post","status-publish","format-standard","has-post-thumbnail","hentry","category-eveniment","category-featured","category-ultima-ora"],"_links":{"self":[{"href":"https:\/\/radarmedia.ro\/index.php\/wp-json\/wp\/v2\/posts\/6994","targetHints":{"allow":["GET"]}}],"collection":[{"href":"https:\/\/radarmedia.ro\/index.php\/wp-json\/wp\/v2\/posts"}],"about":[{"href":"https:\/\/radarmedia.ro\/index.php\/wp-json\/wp\/v2\/types\/post"}],"author":[{"embeddable":true,"href":"https:\/\/radarmedia.ro\/index.php\/wp-json\/wp\/v2\/users\/2"}],"replies":[{"embeddable":true,"href":"https:\/\/radarmedia.ro\/index.php\/wp-json\/wp\/v2\/comments?post=6994"}],"version-history":[{"count":1,"href":"https:\/\/radarmedia.ro\/index.php\/wp-json\/wp\/v2\/posts\/6994\/revisions"}],"predecessor-version":[{"id":6996,"href":"https:\/\/radarmedia.ro\/index.php\/wp-json\/wp\/v2\/posts\/6994\/revisions\/6996"}],"wp:featuredmedia":[{"embeddable":true,"href":"https:\/\/radarmedia.ro\/index.php\/wp-json\/wp\/v2\/media\/6995"}],"wp:attachment":[{"href":"https:\/\/radarmedia.ro\/index.php\/wp-json\/wp\/v2\/media?parent=6994"}],"wp:term":[{"taxonomy":"category","embeddable":true,"href":"https:\/\/radarmedia.ro\/index.php\/wp-json\/wp\/v2\/categories?post=6994"},{"taxonomy":"post_tag","embeddable":true,"href":"https:\/\/radarmedia.ro\/index.php\/wp-json\/wp\/v2\/tags?post=6994"}],"curies":[{"name":"wp","href":"https:\/\/api.w.org\/{rel}","templated":true}]}}