{"id":700,"date":"2021-06-22T08:06:37","date_gmt":"2021-06-22T05:06:37","guid":{"rendered":"http:\/\/radarmedia.ro\/?p=700"},"modified":"2021-06-22T08:06:37","modified_gmt":"2021-06-22T05:06:37","slug":"concluzia-unui-deputat-care-a-luat-trenul-de-la-targu-jiu-spre-bucuresti","status":"publish","type":"post","link":"https:\/\/radarmedia.ro\/index.php\/2021\/06\/22\/concluzia-unui-deputat-care-a-luat-trenul-de-la-targu-jiu-spre-bucuresti\/","title":{"rendered":"Concluzia unui deputat, care a luat trenul de la T\u00e2rgu Jiu, spre Bucure\u0219ti"},"content":{"rendered":"<p>Un parlamentar de Gorj, care a plecat cu trenul, de la T\u00e2rgu Jiu la Bucure\u0219ti, luni diminea\u021ba, spune c\u0103 viteza de deplasare face ca transportul pe calea ferat\u0103 s\u0103 fie necompetitiv. &#8222;Un tren de calatori care face 40 de minute intre Targu Jiu si Rovinari (23km), greu devine competitiv. Sunt multe de reparat in acest domeniu, lasat aproape in paragina in ultimii 30 de ani, dar toate trebuie sa inceapa de undeva&#8221;, a fost concluzia parlamentarului USR, Radu Miru\u021b\u0103.<\/p>\n<p>Deputatul sus\u021bine, \u00eens\u0103, c\u0103 transportul pe calea ferat\u0103 este eficient pentru zona de marf\u0103, dar trebuie f\u0103cute investi\u021bii \u00een acest domeniu. &#8222;Am plecat in aceasta dimineata cu trenul inspre Parlament, fiind singura metoda de a mai putea lucra ceva urgent in timpul mersului&#8230;la clasa a doua, asa cum am mers cu toate ocaziile in facultate. Nu am sofer din suma forfetara disponibila si nu voi utiliza banii la dispozitie si pentru asa ceva. O analiza corecta a costurilor\/taxelor rutier vs. feroviar ar putea impinge putin piata de marfa inspre zona feroviara pe care apoi din banii intorsi am putea-o dezvolta spre a-si sustine singura competitia. Este de lucru cand zeci de ani nu s-a facut nimic&#8221;, a fost concluzia deputatului USR.<\/p>\n<p>Transportul feroviar din Rom\u00e2nia este mult deficitar, at\u00e2t din punct de vedere al condi\u021biilorm c\u00e2t mai ale al vitezei de deplasare. Domeniul \u0219i-a pierdut mare parte din utilizatori, \u00een favoarea transportului pe \u0219osele, \u00een ultimii 20 de ani.<\/p>\n","protected":false},"excerpt":{"rendered":"<p class=\"text-justify mb-2\" >Un parlamentar de Gorj, care a plecat cu trenul, de la T\u00e2rgu Jiu la Bucure\u0219ti, luni diminea\u021ba, spune c\u0103 viteza de deplasare face ca transportul pe calea ferat\u0103 s\u0103 fie necompetitiv. &#8222;Un tren de calatori care face 40 de minute intre Targu Jiu si Rovinari [&hellip;]<\/p>\n","protected":false},"author":1,"featured_media":701,"comment_status":"open","ping_status":"open","sticky":false,"template":"","format":"standard","meta":{"footnotes":""},"categories":[2,3,4],"tags":[],"class_list":["post-700","post","type-post","status-publish","format-standard","has-post-thumbnail","hentry","category-featured","category-politic","category-ultima-ora"],"_links":{"self":[{"href":"https:\/\/radarmedia.ro\/index.php\/wp-json\/wp\/v2\/posts\/700","targetHints":{"allow":["GET"]}}],"collection":[{"href":"https:\/\/radarmedia.ro\/index.php\/wp-json\/wp\/v2\/posts"}],"about":[{"href":"https:\/\/radarmedia.ro\/index.php\/wp-json\/wp\/v2\/types\/post"}],"author":[{"embeddable":true,"href":"https:\/\/radarmedia.ro\/index.php\/wp-json\/wp\/v2\/users\/1"}],"replies":[{"embeddable":true,"href":"https:\/\/radarmedia.ro\/index.php\/wp-json\/wp\/v2\/comments?post=700"}],"version-history":[{"count":1,"href":"https:\/\/radarmedia.ro\/index.php\/wp-json\/wp\/v2\/posts\/700\/revisions"}],"predecessor-version":[{"id":702,"href":"https:\/\/radarmedia.ro\/index.php\/wp-json\/wp\/v2\/posts\/700\/revisions\/702"}],"wp:featuredmedia":[{"embeddable":true,"href":"https:\/\/radarmedia.ro\/index.php\/wp-json\/wp\/v2\/media\/701"}],"wp:attachment":[{"href":"https:\/\/radarmedia.ro\/index.php\/wp-json\/wp\/v2\/media?parent=700"}],"wp:term":[{"taxonomy":"category","embeddable":true,"href":"https:\/\/radarmedia.ro\/index.php\/wp-json\/wp\/v2\/categories?post=700"},{"taxonomy":"post_tag","embeddable":true,"href":"https:\/\/radarmedia.ro\/index.php\/wp-json\/wp\/v2\/tags?post=700"}],"curies":[{"name":"wp","href":"https:\/\/api.w.org\/{rel}","templated":true}]}}