{"id":7013,"date":"2026-07-03T10:06:40","date_gmt":"2026-07-03T07:06:40","guid":{"rendered":"https:\/\/radarmedia.ro\/?p=7013"},"modified":"2026-07-03T10:06:40","modified_gmt":"2026-07-03T07:06:40","slug":"amenzi-de-peste-763-000-de-lei-date-de-itm-gorj","status":"publish","type":"post","link":"https:\/\/radarmedia.ro\/index.php\/2026\/07\/03\/amenzi-de-peste-763-000-de-lei-date-de-itm-gorj\/","title":{"rendered":"Amenzi de peste 763.000 de lei, date de ITM Gorj"},"content":{"rendered":"<p class=\"isSelectedEnd\">Inspectorii de munc\u0103 din Gorj au aplicat amenzi de 763.000 de lei \u00een urma unei ac\u021biuni de control desf\u0103\u0219urate \u00een a doua jum\u0103tate a lunii iunie. \u00cen total, au fost verifica\u021bi 123 de angajatori, fiind constatate zeci de nereguli privind rela\u021biile de munc\u0103 \u0219i securitatea \u00een munc\u0103.<\/p>\n<p class=\"isSelectedEnd\">Cele mai grave abateri au vizat munca nedeclarat\u0103. Trei sanc\u021biuni, \u00een valoare total\u0103 de 98.000 de lei, au fost aplicate pentru folosirea de persoane f\u0103r\u0103 contracte de munc\u0103. Un angajator din T\u00e2rgu Jiu a primit singur o amend\u0103 de 80.000 de lei, dup\u0103 ce inspectorii au descoperit c\u0103 dou\u0103 persoane lucrau f\u0103r\u0103 forme legale.\u00a0Pe l\u00e2ng\u0103 sanc\u021biuni, ITM Gorj a dispus 276 de m\u0103suri obligatorii pentru remedierea deficien\u021belor.<\/p>\n","protected":false},"excerpt":{"rendered":"<p class=\"text-justify mb-2\" >Inspectorii de munc\u0103 din Gorj au aplicat amenzi de 763.000 de lei \u00een urma unei ac\u021biuni de control desf\u0103\u0219urate \u00een a doua jum\u0103tate a lunii iunie. \u00cen total, au fost verifica\u021bi 123 de angajatori, fiind constatate zeci de nereguli privind rela\u021biile de munc\u0103 \u0219i securitatea [&hellip;]<\/p>\n","protected":false},"author":2,"featured_media":353,"comment_status":"open","ping_status":"open","sticky":false,"template":"","format":"standard","meta":{"footnotes":""},"categories":[13,4],"tags":[],"class_list":["post-7013","post","type-post","status-publish","format-standard","has-post-thumbnail","hentry","category-eveniment","category-ultima-ora"],"_links":{"self":[{"href":"https:\/\/radarmedia.ro\/index.php\/wp-json\/wp\/v2\/posts\/7013","targetHints":{"allow":["GET"]}}],"collection":[{"href":"https:\/\/radarmedia.ro\/index.php\/wp-json\/wp\/v2\/posts"}],"about":[{"href":"https:\/\/radarmedia.ro\/index.php\/wp-json\/wp\/v2\/types\/post"}],"author":[{"embeddable":true,"href":"https:\/\/radarmedia.ro\/index.php\/wp-json\/wp\/v2\/users\/2"}],"replies":[{"embeddable":true,"href":"https:\/\/radarmedia.ro\/index.php\/wp-json\/wp\/v2\/comments?post=7013"}],"version-history":[{"count":1,"href":"https:\/\/radarmedia.ro\/index.php\/wp-json\/wp\/v2\/posts\/7013\/revisions"}],"predecessor-version":[{"id":7014,"href":"https:\/\/radarmedia.ro\/index.php\/wp-json\/wp\/v2\/posts\/7013\/revisions\/7014"}],"wp:featuredmedia":[{"embeddable":true,"href":"https:\/\/radarmedia.ro\/index.php\/wp-json\/wp\/v2\/media\/353"}],"wp:attachment":[{"href":"https:\/\/radarmedia.ro\/index.php\/wp-json\/wp\/v2\/media?parent=7013"}],"wp:term":[{"taxonomy":"category","embeddable":true,"href":"https:\/\/radarmedia.ro\/index.php\/wp-json\/wp\/v2\/categories?post=7013"},{"taxonomy":"post_tag","embeddable":true,"href":"https:\/\/radarmedia.ro\/index.php\/wp-json\/wp\/v2\/tags?post=7013"}],"curies":[{"name":"wp","href":"https:\/\/api.w.org\/{rel}","templated":true}]}}