{"id":7016,"date":"2026-07-04T10:47:09","date_gmt":"2026-07-04T07:47:09","guid":{"rendered":"https:\/\/radarmedia.ro\/?p=7016"},"modified":"2026-07-04T10:47:09","modified_gmt":"2026-07-04T07:47:09","slug":"consultatii-optometrice-gratuite-pentru-locuitorii-comunei-turburea-pe-6-iulie","status":"publish","type":"post","link":"https:\/\/radarmedia.ro\/index.php\/2026\/07\/04\/consultatii-optometrice-gratuite-pentru-locuitorii-comunei-turburea-pe-6-iulie\/","title":{"rendered":"Consulta\u021bii optometrice gratuite pentru locuitorii comunei Turburea, pe 6 iulie"},"content":{"rendered":"<p data-start=\"85\" data-end=\"249\">Locuitorii comunei Turburea sunt invita\u021bi s\u0103 participe luni, 6 iulie, la o campanie de consulta\u021bii optometrice gratuite, organizat\u0103 cu sprijinul Prim\u0103riei Turburea.\u00a0\u00cen intervalul orar 10:00 \u2013 12:30, laboratorul optic mobil va fi amplasat \u00een parcarea Prim\u0103riei Turburea, unde persoanele interesate \u00ee\u0219i vor putea verifica gratuit vederea \u0219i vor primi recomand\u0103ri de specialitate.\u00a0Ulterior, \u00eentre 12:30 \u0219i 17:00, echipa laboratorului optic mobil se va deplasa pe str\u0103zile comunei, pentru a oferi acces la consulta\u021bii unui num\u0103r c\u00e2t mai mare de locuitori.<\/p>\n<p data-start=\"648\" data-end=\"820\">Campania se adreseaz\u0103 at\u00e2t adul\u021bilor, c\u00e2t \u0219i copiilor cu v\u00e2rsta de cel pu\u021bin 7 ani. Minorii trebuie s\u0103 fie \u00eenso\u021bi\u021bi de unul dintre p\u0103rin\u021bi sau de un reprezentant legal.\u00a0Pentru informa\u021bii suplimentare \u0219i program\u0103ri, cei interesa\u021bi pot suna la 0769 020 602.<\/p>\n","protected":false},"excerpt":{"rendered":"<p class=\"text-justify mb-2\" >Locuitorii comunei Turburea sunt invita\u021bi s\u0103 participe luni, 6 iulie, la o campanie de consulta\u021bii optometrice gratuite, organizat\u0103 cu sprijinul Prim\u0103riei Turburea.\u00a0\u00cen intervalul orar 10:00 \u2013 12:30, laboratorul optic mobil va fi amplasat \u00een parcarea Prim\u0103riei Turburea, unde persoanele interesate \u00ee\u0219i vor putea verifica gratuit [&hellip;]<\/p>\n","protected":false},"author":2,"featured_media":7018,"comment_status":"open","ping_status":"open","sticky":false,"template":"","format":"standard","meta":{"footnotes":""},"categories":[5,4],"tags":[],"class_list":["post-7016","post","type-post","status-publish","format-standard","has-post-thumbnail","hentry","category-actualitate","category-ultima-ora"],"_links":{"self":[{"href":"https:\/\/radarmedia.ro\/index.php\/wp-json\/wp\/v2\/posts\/7016","targetHints":{"allow":["GET"]}}],"collection":[{"href":"https:\/\/radarmedia.ro\/index.php\/wp-json\/wp\/v2\/posts"}],"about":[{"href":"https:\/\/radarmedia.ro\/index.php\/wp-json\/wp\/v2\/types\/post"}],"author":[{"embeddable":true,"href":"https:\/\/radarmedia.ro\/index.php\/wp-json\/wp\/v2\/users\/2"}],"replies":[{"embeddable":true,"href":"https:\/\/radarmedia.ro\/index.php\/wp-json\/wp\/v2\/comments?post=7016"}],"version-history":[{"count":1,"href":"https:\/\/radarmedia.ro\/index.php\/wp-json\/wp\/v2\/posts\/7016\/revisions"}],"predecessor-version":[{"id":7019,"href":"https:\/\/radarmedia.ro\/index.php\/wp-json\/wp\/v2\/posts\/7016\/revisions\/7019"}],"wp:featuredmedia":[{"embeddable":true,"href":"https:\/\/radarmedia.ro\/index.php\/wp-json\/wp\/v2\/media\/7018"}],"wp:attachment":[{"href":"https:\/\/radarmedia.ro\/index.php\/wp-json\/wp\/v2\/media?parent=7016"}],"wp:term":[{"taxonomy":"category","embeddable":true,"href":"https:\/\/radarmedia.ro\/index.php\/wp-json\/wp\/v2\/categories?post=7016"},{"taxonomy":"post_tag","embeddable":true,"href":"https:\/\/radarmedia.ro\/index.php\/wp-json\/wp\/v2\/tags?post=7016"}],"curies":[{"name":"wp","href":"https:\/\/api.w.org\/{rel}","templated":true}]}}