{"id":7021,"date":"2026-07-06T13:52:44","date_gmt":"2026-07-06T10:52:44","guid":{"rendered":"https:\/\/radarmedia.ro\/?p=7021"},"modified":"2026-07-06T13:52:44","modified_gmt":"2026-07-06T10:52:44","slug":"si-a-lovit-vecinul-cu-pumnul-peste-gard-si-a-fost-retinut","status":"publish","type":"post","link":"https:\/\/radarmedia.ro\/index.php\/2026\/07\/06\/si-a-lovit-vecinul-cu-pumnul-peste-gard-si-a-fost-retinut\/","title":{"rendered":"\u0218i-a lovit vecinul cu pumnul peste gard \u0219i a fost re\u021binut"},"content":{"rendered":"<p class=\"isSelectedEnd\">Un conflict izbucnit \u00een comuna Scoar\u021ba s-a \u00eencheiat cu re\u021binerea unui b\u0103rbat de 29 de ani, cercetat pentru lovirea unui cons\u0103tean.\u00a0Potrivit poli\u021bi\u0219tilor, incidentul s-ar fi petrecut \u00een dup\u0103-amiaza zilei de 5 iulie, \u00een jurul orei 18:20. Un b\u0103rbat de 32 de ani, aflat la domiciliu, ar fi fost strigat s\u0103 ias\u0103 la poart\u0103, iar \u00een momentul \u00een care s-a apropiat de gard ar fi fost lovit cu pumnul \u00een zona capului de un t\u00e2n\u0103r de 29 de ani, din aceea\u0219i localitate.\u00a0Agresiunea a fost reclamat\u0103 la Poli\u021bie \u00een jurul orei 21:00. La fa\u021ba locului, oamenii legii au constatat c\u0103 persoana v\u0103t\u0103mat\u0103 nu prezenta urme vizibile de violen\u021b\u0103 \u0219i nu a solicitat \u00eengrijiri medicale.<\/p>\n<p>Pe numele presupusului agresor a fost deschis un dosar penal pentru lovirea sau alte violen\u021be. \u00cen urma probatoriului administrat, acesta a fost re\u021binut pentru 24 de ore \u0219i introdus \u00een Centrul de Re\u021binere \u0219i Arestare Preventiv\u0103 al IPJ Gorj, cercet\u0103rile fiind continuate de poli\u021bi\u0219tii Sec\u021biei 6 Poli\u021bie Rural\u0103 T\u00e2rgu-C\u0103rbune\u0219ti.<\/p>\n","protected":false},"excerpt":{"rendered":"<p class=\"text-justify mb-2\" >Un conflict izbucnit \u00een comuna Scoar\u021ba s-a \u00eencheiat cu re\u021binerea unui b\u0103rbat de 29 de ani, cercetat pentru lovirea unui cons\u0103tean.\u00a0Potrivit poli\u021bi\u0219tilor, incidentul s-ar fi petrecut \u00een dup\u0103-amiaza zilei de 5 iulie, \u00een jurul orei 18:20. Un b\u0103rbat de 32 de ani, aflat la domiciliu, [&hellip;]<\/p>\n","protected":false},"author":2,"featured_media":198,"comment_status":"open","ping_status":"open","sticky":false,"template":"","format":"standard","meta":{"footnotes":""},"categories":[13,4],"tags":[],"class_list":["post-7021","post","type-post","status-publish","format-standard","has-post-thumbnail","hentry","category-eveniment","category-ultima-ora"],"_links":{"self":[{"href":"https:\/\/radarmedia.ro\/index.php\/wp-json\/wp\/v2\/posts\/7021","targetHints":{"allow":["GET"]}}],"collection":[{"href":"https:\/\/radarmedia.ro\/index.php\/wp-json\/wp\/v2\/posts"}],"about":[{"href":"https:\/\/radarmedia.ro\/index.php\/wp-json\/wp\/v2\/types\/post"}],"author":[{"embeddable":true,"href":"https:\/\/radarmedia.ro\/index.php\/wp-json\/wp\/v2\/users\/2"}],"replies":[{"embeddable":true,"href":"https:\/\/radarmedia.ro\/index.php\/wp-json\/wp\/v2\/comments?post=7021"}],"version-history":[{"count":1,"href":"https:\/\/radarmedia.ro\/index.php\/wp-json\/wp\/v2\/posts\/7021\/revisions"}],"predecessor-version":[{"id":7022,"href":"https:\/\/radarmedia.ro\/index.php\/wp-json\/wp\/v2\/posts\/7021\/revisions\/7022"}],"wp:featuredmedia":[{"embeddable":true,"href":"https:\/\/radarmedia.ro\/index.php\/wp-json\/wp\/v2\/media\/198"}],"wp:attachment":[{"href":"https:\/\/radarmedia.ro\/index.php\/wp-json\/wp\/v2\/media?parent=7021"}],"wp:term":[{"taxonomy":"category","embeddable":true,"href":"https:\/\/radarmedia.ro\/index.php\/wp-json\/wp\/v2\/categories?post=7021"},{"taxonomy":"post_tag","embeddable":true,"href":"https:\/\/radarmedia.ro\/index.php\/wp-json\/wp\/v2\/tags?post=7021"}],"curies":[{"name":"wp","href":"https:\/\/api.w.org\/{rel}","templated":true}]}}