{"id":7023,"date":"2026-07-06T14:01:24","date_gmt":"2026-07-06T11:01:24","guid":{"rendered":"https:\/\/radarmedia.ro\/?p=7023"},"modified":"2026-07-06T14:01:24","modified_gmt":"2026-07-06T11:01:24","slug":"tragedie-la-rasovita-un-adolescent-de-16-ani-a-murit-alti-patru-tineri-au-fost-raniti","status":"publish","type":"post","link":"https:\/\/radarmedia.ro\/index.php\/2026\/07\/06\/tragedie-la-rasovita-un-adolescent-de-16-ani-a-murit-alti-patru-tineri-au-fost-raniti\/","title":{"rendered":"Tragedie la R\u0103sovi\u021ba. Un adolescent de 16 ani a murit, al\u021bi patru tineri au fost r\u0103ni\u021bi"},"content":{"rendered":"<p class=\"isSelectedEnd\">Un grav accident rutier s-a produs \u00een noaptea de duminic\u0103 spre luni, \u00een satul R\u0103sovi\u021ba, comuna Lele\u0219ti. Un adolescent de 16 ani \u0219i-a pierdut via\u021ba, iar al\u021bi patru tineri au ajuns la spital, dup\u0103 ce autoturismul \u00een care se aflau a ie\u0219it de pe \u0219osea \u0219i s-a izbit violent de un gard.\u00a0\u00cen ma\u0219in\u0103 se aflau cinci tineri, majoritatea din comuna Runcu. Impactul a fost at\u00e2t de puternic \u00eenc\u00e2t doi dintre pasageri au r\u0103mas \u00eencarcera\u021bi \u0219i au fost sco\u0219i de echipajele de descarcerare.\u00a0Potrivit Inspectoratului de Poli\u021bie Jude\u021bean Gorj, din primele cercet\u0103ri a reie\u0219it c\u0103 un t\u00e2n\u0103r de 18 ani, din T\u00e2rgu Jiu, aflat la volanul autoturismului, circula pe DN 67D, din direc\u021bia Runcu c\u0103tre T\u00e2rgu Jiu. \u00centr-o succesiune de curbe, acesta nu ar fi adaptat viteza la condi\u021biile de drum, a pierdut controlul direc\u021biei, a p\u0103r\u0103sit partea carosabil\u0103 \u0219i a intrat \u00een coliziune cu un gard.<\/p>\n<p class=\"isSelectedEnd\">\u00cen urma accidentului, \u0219oferul \u0219i trei pasageri \u2013 un t\u00e2n\u0103r de 19 ani \u0219i doi minori de 14 \u0219i 17 ani, to\u021bi din comuna Runcu \u2013 au suferit r\u0103ni \u0219i au fost transporta\u021bi la spital pentru \u00eengrijiri medicale.\u00a0Cel de-al cincilea ocupant al autoturismului, un adolescent de 16 ani din municipiul T\u00e2rgu Jiu, a fost g\u0103sit \u00een stop cardio-respirator de echipajele de interven\u021bie. De\u0219i medicii au efectuat manevre de resuscitare, via\u021ba acestuia nu a mai putut fi salvat\u0103.\u00a0\u0218oferul a fost testat cu aparatul etilotest, rezultatul fiind negativ.<\/p>\n<p>Poli\u021bi\u0219tii au deschis un dosar penal pentru ucidere din culp\u0103 \u0219i v\u0103t\u0103mare corporal\u0103 din culp\u0103 \u0219i continu\u0103 cercet\u0103rile pentru stabilirea tuturor \u00eemprejur\u0103rilor \u00een care s-a produs tragedia.<\/p>\n","protected":false},"excerpt":{"rendered":"<p class=\"text-justify mb-2\" >Un grav accident rutier s-a produs \u00een noaptea de duminic\u0103 spre luni, \u00een satul R\u0103sovi\u021ba, comuna Lele\u0219ti. Un adolescent de 16 ani \u0219i-a pierdut via\u021ba, iar al\u021bi patru tineri au ajuns la spital, dup\u0103 ce autoturismul \u00een care se aflau a ie\u0219it de pe \u0219osea [&hellip;]<\/p>\n","protected":false},"author":2,"featured_media":7024,"comment_status":"open","ping_status":"open","sticky":false,"template":"","format":"standard","meta":{"footnotes":""},"categories":[13,4],"tags":[],"class_list":["post-7023","post","type-post","status-publish","format-standard","has-post-thumbnail","hentry","category-eveniment","category-ultima-ora"],"_links":{"self":[{"href":"https:\/\/radarmedia.ro\/index.php\/wp-json\/wp\/v2\/posts\/7023","targetHints":{"allow":["GET"]}}],"collection":[{"href":"https:\/\/radarmedia.ro\/index.php\/wp-json\/wp\/v2\/posts"}],"about":[{"href":"https:\/\/radarmedia.ro\/index.php\/wp-json\/wp\/v2\/types\/post"}],"author":[{"embeddable":true,"href":"https:\/\/radarmedia.ro\/index.php\/wp-json\/wp\/v2\/users\/2"}],"replies":[{"embeddable":true,"href":"https:\/\/radarmedia.ro\/index.php\/wp-json\/wp\/v2\/comments?post=7023"}],"version-history":[{"count":1,"href":"https:\/\/radarmedia.ro\/index.php\/wp-json\/wp\/v2\/posts\/7023\/revisions"}],"predecessor-version":[{"id":7025,"href":"https:\/\/radarmedia.ro\/index.php\/wp-json\/wp\/v2\/posts\/7023\/revisions\/7025"}],"wp:featuredmedia":[{"embeddable":true,"href":"https:\/\/radarmedia.ro\/index.php\/wp-json\/wp\/v2\/media\/7024"}],"wp:attachment":[{"href":"https:\/\/radarmedia.ro\/index.php\/wp-json\/wp\/v2\/media?parent=7023"}],"wp:term":[{"taxonomy":"category","embeddable":true,"href":"https:\/\/radarmedia.ro\/index.php\/wp-json\/wp\/v2\/categories?post=7023"},{"taxonomy":"post_tag","embeddable":true,"href":"https:\/\/radarmedia.ro\/index.php\/wp-json\/wp\/v2\/tags?post=7023"}],"curies":[{"name":"wp","href":"https:\/\/api.w.org\/{rel}","templated":true}]}}