{"id":7028,"date":"2026-07-06T14:44:46","date_gmt":"2026-07-06T11:44:46","guid":{"rendered":"https:\/\/radarmedia.ro\/?p=7028"},"modified":"2026-07-06T14:44:46","modified_gmt":"2026-07-06T11:44:46","slug":"fostul-director-al-ce-oltenia-propus-secretar-general-al-pnl-gorj","status":"publish","type":"post","link":"https:\/\/radarmedia.ro\/index.php\/2026\/07\/06\/fostul-director-al-ce-oltenia-propus-secretar-general-al-pnl-gorj\/","title":{"rendered":"Fostul director al CE Oltenia, propus secretar general al PNL Gorj"},"content":{"rendered":"<p class=\"isSelectedEnd\">Pre\u0219edintele interimar al PNL Gorj, Ioan S\u00eerbu, a \u00eenceput conturarea echipei cu care va conduce organiza\u021bia jude\u021bean\u0103, anun\u021b\u00e2nd c\u0103 fostul pre\u0219edinte al directoratului Complexului Energetic Oltenia (CEO), Daniel Burlan, va ocupa func\u021bia de secretar general.\u00a0S\u00eerbu a declarat c\u0103 \u00ee\u0219i dore\u0219te o conducere care s\u0103 reuneasc\u0103 at\u00e2t actuali membri ai organiza\u021biei, c\u00e2t \u0219i fo\u0219ti lideri liberali. \u00cen acest context, a afirmat c\u0103 inten\u021bioneaz\u0103 s\u0103 poarte discu\u021bii cu fo\u0219tii deputa\u021bi, Dan V\u00eelceanu \u0219i Gheorghe Pecingin\u0103, pentru a-i implica \u00een activitatea filialei.<\/p>\n<p class=\"isSelectedEnd\">Ioan S\u00eerbu a recunoscut, \u00eentr-o emisiune radio, c\u0103 \u00eentre el \u0219i fostul \u0219ef PNL Gorj, Ion Iordache, au ap\u0103rut unele divergen\u021be, \u00een ultima perioad\u0103. Pre\u0219edintele interimar de la Gorj, impus de conducerea central\u0103 a partidului, dup\u0103 ce Iordache a fost tras pe\u00a0 tu\u0219\u0103, dup\u0103 sus\u021binerea pentru Guvernul Ve\u0219tea, a precizat c\u0103 nu \u00eel cunoa\u0219te personal pe pre\u0219edintele PNL, Ilie Bolojan, ci doar din spa\u021biul public.<\/p>\n","protected":false},"excerpt":{"rendered":"<p class=\"text-justify mb-2\" >Pre\u0219edintele interimar al PNL Gorj, Ioan S\u00eerbu, a \u00eenceput conturarea echipei cu care va conduce organiza\u021bia jude\u021bean\u0103, anun\u021b\u00e2nd c\u0103 fostul pre\u0219edinte al directoratului Complexului Energetic Oltenia (CEO), Daniel Burlan, va ocupa func\u021bia de secretar general.\u00a0S\u00eerbu a declarat c\u0103 \u00ee\u0219i dore\u0219te o conducere care s\u0103 reuneasc\u0103 [&hellip;]<\/p>\n","protected":false},"author":2,"featured_media":7029,"comment_status":"open","ping_status":"open","sticky":false,"template":"","format":"standard","meta":{"footnotes":""},"categories":[3,4],"tags":[],"class_list":["post-7028","post","type-post","status-publish","format-standard","has-post-thumbnail","hentry","category-politic","category-ultima-ora"],"_links":{"self":[{"href":"https:\/\/radarmedia.ro\/index.php\/wp-json\/wp\/v2\/posts\/7028","targetHints":{"allow":["GET"]}}],"collection":[{"href":"https:\/\/radarmedia.ro\/index.php\/wp-json\/wp\/v2\/posts"}],"about":[{"href":"https:\/\/radarmedia.ro\/index.php\/wp-json\/wp\/v2\/types\/post"}],"author":[{"embeddable":true,"href":"https:\/\/radarmedia.ro\/index.php\/wp-json\/wp\/v2\/users\/2"}],"replies":[{"embeddable":true,"href":"https:\/\/radarmedia.ro\/index.php\/wp-json\/wp\/v2\/comments?post=7028"}],"version-history":[{"count":1,"href":"https:\/\/radarmedia.ro\/index.php\/wp-json\/wp\/v2\/posts\/7028\/revisions"}],"predecessor-version":[{"id":7030,"href":"https:\/\/radarmedia.ro\/index.php\/wp-json\/wp\/v2\/posts\/7028\/revisions\/7030"}],"wp:featuredmedia":[{"embeddable":true,"href":"https:\/\/radarmedia.ro\/index.php\/wp-json\/wp\/v2\/media\/7029"}],"wp:attachment":[{"href":"https:\/\/radarmedia.ro\/index.php\/wp-json\/wp\/v2\/media?parent=7028"}],"wp:term":[{"taxonomy":"category","embeddable":true,"href":"https:\/\/radarmedia.ro\/index.php\/wp-json\/wp\/v2\/categories?post=7028"},{"taxonomy":"post_tag","embeddable":true,"href":"https:\/\/radarmedia.ro\/index.php\/wp-json\/wp\/v2\/tags?post=7028"}],"curies":[{"name":"wp","href":"https:\/\/api.w.org\/{rel}","templated":true}]}}