{"id":7031,"date":"2026-07-07T09:05:26","date_gmt":"2026-07-07T06:05:26","guid":{"rendered":"https:\/\/radarmedia.ro\/?p=7031"},"modified":"2026-07-07T09:05:26","modified_gmt":"2026-07-07T06:05:26","slug":"ceo-se-judeca-pentru-900-de-milioane-de-lei-cu-ministerul-energiei","status":"publish","type":"post","link":"https:\/\/radarmedia.ro\/index.php\/2026\/07\/07\/ceo-se-judeca-pentru-900-de-milioane-de-lei-cu-ministerul-energiei\/","title":{"rendered":"CEO se judec\u0103 pentru 900 de milioane de lei, cu Ministerul Energiei"},"content":{"rendered":"<p class=\"isSelectedEnd\">Complexul Energetic Oltenia a dat \u00een judecat\u0103 Ministerul Energiei, solicit\u00e2nd plata unei sume de aproape 900 de milioane de lei, bani pe care statul s-a angajat s\u0103 \u00eei aloce \u00eenc\u0103 din 2022 printr-o majorare de capital. Potrivit Europa FM, lipsa acestor fonduri pune compania \u00eentr-o situa\u021bie financiar\u0103 critic\u0103.\u00a0Majorarea capitalului social a fost aprobat\u0103 prin ordonan\u021b\u0103 de urgen\u021b\u0103, iar aportul \u00een numerar al statului trebuia s\u0103 fie virat la \u00eenceputul anului 2023. Cu toate acestea, Ministerul Energiei nu a efectuat plata, \u00een ciuda notific\u0103rilor transmise de companie.<\/p>\n<p class=\"isSelectedEnd\">Fondurile erau esen\u021biale pentru achizi\u021bionarea certificatelor de emisii de carbon, obliga\u021bie f\u0103r\u0103 de care produc\u021bia de energie pe baz\u0103 de c\u0103rbune nu poate continua \u00een condi\u021bii legale. Reprezentan\u021bii companiei sus\u021bin c\u0103 neplata sumei asumate afecteaz\u0103 grav activitatea \u0219i poate conduce la un blocaj financiar.\u00a0\u00cen aceste condi\u021bii, Complexul Energetic Oltenia a apelat la instan\u021b\u0103, folosind procedura ordonan\u021bei de plat\u0103 pentru a obliga Ministerul Energiei s\u0103 \u00ee\u0219i respecte angajamentul financiar.<\/p>\n<p>Procesul a fost deschis anul trecut \u0219i se afl\u0103 pe rolul Tribunalului Bucure\u0219ti.<\/p>\n","protected":false},"excerpt":{"rendered":"<p class=\"text-justify mb-2\" >Complexul Energetic Oltenia a dat \u00een judecat\u0103 Ministerul Energiei, solicit\u00e2nd plata unei sume de aproape 900 de milioane de lei, bani pe care statul s-a angajat s\u0103 \u00eei aloce \u00eenc\u0103 din 2022 printr-o majorare de capital. Potrivit Europa FM, lipsa acestor fonduri pune compania \u00eentr-o [&hellip;]<\/p>\n","protected":false},"author":2,"featured_media":2236,"comment_status":"open","ping_status":"open","sticky":false,"template":"","format":"standard","meta":{"footnotes":""},"categories":[7,2,4],"tags":[],"class_list":["post-7031","post","type-post","status-publish","format-standard","has-post-thumbnail","hentry","category-economie","category-featured","category-ultima-ora"],"_links":{"self":[{"href":"https:\/\/radarmedia.ro\/index.php\/wp-json\/wp\/v2\/posts\/7031","targetHints":{"allow":["GET"]}}],"collection":[{"href":"https:\/\/radarmedia.ro\/index.php\/wp-json\/wp\/v2\/posts"}],"about":[{"href":"https:\/\/radarmedia.ro\/index.php\/wp-json\/wp\/v2\/types\/post"}],"author":[{"embeddable":true,"href":"https:\/\/radarmedia.ro\/index.php\/wp-json\/wp\/v2\/users\/2"}],"replies":[{"embeddable":true,"href":"https:\/\/radarmedia.ro\/index.php\/wp-json\/wp\/v2\/comments?post=7031"}],"version-history":[{"count":1,"href":"https:\/\/radarmedia.ro\/index.php\/wp-json\/wp\/v2\/posts\/7031\/revisions"}],"predecessor-version":[{"id":7032,"href":"https:\/\/radarmedia.ro\/index.php\/wp-json\/wp\/v2\/posts\/7031\/revisions\/7032"}],"wp:featuredmedia":[{"embeddable":true,"href":"https:\/\/radarmedia.ro\/index.php\/wp-json\/wp\/v2\/media\/2236"}],"wp:attachment":[{"href":"https:\/\/radarmedia.ro\/index.php\/wp-json\/wp\/v2\/media?parent=7031"}],"wp:term":[{"taxonomy":"category","embeddable":true,"href":"https:\/\/radarmedia.ro\/index.php\/wp-json\/wp\/v2\/categories?post=7031"},{"taxonomy":"post_tag","embeddable":true,"href":"https:\/\/radarmedia.ro\/index.php\/wp-json\/wp\/v2\/tags?post=7031"}],"curies":[{"name":"wp","href":"https:\/\/api.w.org\/{rel}","templated":true}]}}