{"id":7034,"date":"2026-07-08T09:03:49","date_gmt":"2026-07-08T06:03:49","guid":{"rendered":"https:\/\/radarmedia.ro\/?p=7034"},"modified":"2026-07-08T09:03:49","modified_gmt":"2026-07-08T06:03:49","slug":"angajatii-din-sanatate-anunta-greva-generala-la-sfarsitul-lunii-iulie","status":"publish","type":"post","link":"https:\/\/radarmedia.ro\/index.php\/2026\/07\/08\/angajatii-din-sanatate-anunta-greva-generala-la-sfarsitul-lunii-iulie\/","title":{"rendered":"Angaja\u021bii din s\u0103n\u0103tate anun\u021b\u0103 grev\u0103 general\u0103, la sf\u00e2r\u0219itul lunii iulie"},"content":{"rendered":"<p data-start=\"75\" data-end=\"487\">Federa\u021bia SANITAS a decis declan\u0219area grevei generale \u00een sistemul sanitar, \u00een semn de protest fa\u021b\u0103 de m\u0103surile guvernamentale care, potrivit sindicali\u0219tilor, afecteaz\u0103 veniturile \u0219i drepturile angaja\u021bilor din s\u0103n\u0103tate \u0219i asisten\u021b\u0103 social\u0103. \u00cenaintea grevei generale, pe 20 iulie va avea loc o grev\u0103 de avertisment, \u00eentre orele 9:00 \u0219i 11:00, iar din 28 iulie protestul va fi extins la nivelul unit\u0103\u021bilor sanitare.<\/p>\n<p data-start=\"489\" data-end=\"846\" data-is-last-node=\"\" data-is-only-node=\"\">Sindicali\u0219tii cer p\u0103strarea sporurilor \u0219i a beneficiilor salariale, revenirea la prevederile Contractului Colectiv de Munc\u0103 \u0219i reluarea negocierilor cu Guvernul privind noua lege a salariz\u0103rii. Pentru organizarea ac\u021biunilor de protest, SANITAS a constituit un Comitet Na\u021bional de Grev\u0103 \u0219i sus\u021bine c\u0103 decizia vine pe fondul lipsei dialogului cu autorit\u0103\u021bile.<\/p>\n","protected":false},"excerpt":{"rendered":"<p class=\"text-justify mb-2\" >Federa\u021bia SANITAS a decis declan\u0219area grevei generale \u00een sistemul sanitar, \u00een semn de protest fa\u021b\u0103 de m\u0103surile guvernamentale care, potrivit sindicali\u0219tilor, afecteaz\u0103 veniturile \u0219i drepturile angaja\u021bilor din s\u0103n\u0103tate \u0219i asisten\u021b\u0103 social\u0103. \u00cenaintea grevei generale, pe 20 iulie va avea loc o grev\u0103 de avertisment, \u00eentre [&hellip;]<\/p>\n","protected":false},"author":2,"featured_media":7038,"comment_status":"open","ping_status":"open","sticky":false,"template":"","format":"standard","meta":{"footnotes":""},"categories":[5,1,4],"tags":[],"class_list":["post-7034","post","type-post","status-publish","format-standard","has-post-thumbnail","hentry","category-actualitate","category-fara-categorie","category-ultima-ora"],"_links":{"self":[{"href":"https:\/\/radarmedia.ro\/index.php\/wp-json\/wp\/v2\/posts\/7034","targetHints":{"allow":["GET"]}}],"collection":[{"href":"https:\/\/radarmedia.ro\/index.php\/wp-json\/wp\/v2\/posts"}],"about":[{"href":"https:\/\/radarmedia.ro\/index.php\/wp-json\/wp\/v2\/types\/post"}],"author":[{"embeddable":true,"href":"https:\/\/radarmedia.ro\/index.php\/wp-json\/wp\/v2\/users\/2"}],"replies":[{"embeddable":true,"href":"https:\/\/radarmedia.ro\/index.php\/wp-json\/wp\/v2\/comments?post=7034"}],"version-history":[{"count":1,"href":"https:\/\/radarmedia.ro\/index.php\/wp-json\/wp\/v2\/posts\/7034\/revisions"}],"predecessor-version":[{"id":7035,"href":"https:\/\/radarmedia.ro\/index.php\/wp-json\/wp\/v2\/posts\/7034\/revisions\/7035"}],"wp:featuredmedia":[{"embeddable":true,"href":"https:\/\/radarmedia.ro\/index.php\/wp-json\/wp\/v2\/media\/7038"}],"wp:attachment":[{"href":"https:\/\/radarmedia.ro\/index.php\/wp-json\/wp\/v2\/media?parent=7034"}],"wp:term":[{"taxonomy":"category","embeddable":true,"href":"https:\/\/radarmedia.ro\/index.php\/wp-json\/wp\/v2\/categories?post=7034"},{"taxonomy":"post_tag","embeddable":true,"href":"https:\/\/radarmedia.ro\/index.php\/wp-json\/wp\/v2\/tags?post=7034"}],"curies":[{"name":"wp","href":"https:\/\/api.w.org\/{rel}","templated":true}]}}