{"id":7044,"date":"2026-07-08T11:21:48","date_gmt":"2026-07-08T08:21:48","guid":{"rendered":"https:\/\/radarmedia.ro\/?p=7044"},"modified":"2026-07-08T11:21:48","modified_gmt":"2026-07-08T08:21:48","slug":"fara-permis-si-baut-a-lovit-doua-masini-parcate","status":"publish","type":"post","link":"https:\/\/radarmedia.ro\/index.php\/2026\/07\/08\/fara-permis-si-baut-a-lovit-doua-masini-parcate\/","title":{"rendered":"F\u0103r\u0103 permis \u0219i b\u0103ut, a lovit dou\u0103 ma\u0219ini parcate"},"content":{"rendered":"<p class=\"isSelectedEnd\">Un t\u00e2n\u0103r de 27 de ani, din comuna Negomir, a fost re\u021binut, dup\u0103 ce a condus un autoturism sub influen\u021ba alcoolului, de\u0219i avea dreptul de a conduce suspendat \u0219i a lovit dou\u0103 ma\u0219ini parcate. Potrivit Inspectoratului de Poli\u021bie Jude\u021bean Gorj, accidentul a avut loc \u00een noaptea de 4 iulie, \u00een jurul orei 2:17, pe un drum jude\u021bean din localitatea Nucetu. Poli\u021bi\u0219tii au fost alerta\u021bi prin 112 cu privire la producerea unui eveniment rutier soldat cu pagube materiale.\u00a0\u00cen urma cercet\u0103rilor, oamenii legii au stabilit c\u0103 \u0219oferul se deplasa din direc\u021bia Orzu c\u0103tre Baniu, iar la un moment dat a acro\u0219at dou\u0103 autoturisme parcate regulamentar pe partea dreapt\u0103 a carosabilului.\u00a0Testarea cu aparatul etilotest a indicat o alcoolemie de 0,77 mg\/l alcool pur \u00een aerul expirat. De asemenea, verific\u0103rile efectuate \u00een bazele de date ale Poli\u021biei Rom\u00e2ne au ar\u0103tat c\u0103 b\u0103rbatul avea permisul de conducere suspendat.<\/p>\n<p class=\"isSelectedEnd\">Acesta a fost transportat la spital pentru recoltarea de mostre biologice, iar poli\u021bi\u0219tii au deschis un dosar penal pentru conducerea unui vehicul f\u0103r\u0103 drept de a conduce \u0219i conducerea unui autovehicul sub influen\u021ba alcoolului.\u00a0Poli\u021bi\u0219tii din Rovinari au dispus, ieri, re\u021binerea pentru 24 de ore, acesta fiind \u00eencarcerat \u00een Centrul de Re\u021binere \u0219i Arestare Preventiv\u0103 al IPJ Gorj.\u00a0Cercet\u0103rile continu\u0103 pentru stabilirea tuturor \u00eemprejur\u0103rilor \u00een care s-a produs incidentul.<\/p>\n","protected":false},"excerpt":{"rendered":"<p class=\"text-justify mb-2\" >Un t\u00e2n\u0103r de 27 de ani, din comuna Negomir, a fost re\u021binut, dup\u0103 ce a condus un autoturism sub influen\u021ba alcoolului, de\u0219i avea dreptul de a conduce suspendat \u0219i a lovit dou\u0103 ma\u0219ini parcate. Potrivit Inspectoratului de Poli\u021bie Jude\u021bean Gorj, accidentul a avut loc \u00een [&hellip;]<\/p>\n","protected":false},"author":2,"featured_media":1062,"comment_status":"open","ping_status":"open","sticky":false,"template":"","format":"standard","meta":{"footnotes":""},"categories":[13,4],"tags":[],"class_list":["post-7044","post","type-post","status-publish","format-standard","has-post-thumbnail","hentry","category-eveniment","category-ultima-ora"],"_links":{"self":[{"href":"https:\/\/radarmedia.ro\/index.php\/wp-json\/wp\/v2\/posts\/7044","targetHints":{"allow":["GET"]}}],"collection":[{"href":"https:\/\/radarmedia.ro\/index.php\/wp-json\/wp\/v2\/posts"}],"about":[{"href":"https:\/\/radarmedia.ro\/index.php\/wp-json\/wp\/v2\/types\/post"}],"author":[{"embeddable":true,"href":"https:\/\/radarmedia.ro\/index.php\/wp-json\/wp\/v2\/users\/2"}],"replies":[{"embeddable":true,"href":"https:\/\/radarmedia.ro\/index.php\/wp-json\/wp\/v2\/comments?post=7044"}],"version-history":[{"count":1,"href":"https:\/\/radarmedia.ro\/index.php\/wp-json\/wp\/v2\/posts\/7044\/revisions"}],"predecessor-version":[{"id":7045,"href":"https:\/\/radarmedia.ro\/index.php\/wp-json\/wp\/v2\/posts\/7044\/revisions\/7045"}],"wp:featuredmedia":[{"embeddable":true,"href":"https:\/\/radarmedia.ro\/index.php\/wp-json\/wp\/v2\/media\/1062"}],"wp:attachment":[{"href":"https:\/\/radarmedia.ro\/index.php\/wp-json\/wp\/v2\/media?parent=7044"}],"wp:term":[{"taxonomy":"category","embeddable":true,"href":"https:\/\/radarmedia.ro\/index.php\/wp-json\/wp\/v2\/categories?post=7044"},{"taxonomy":"post_tag","embeddable":true,"href":"https:\/\/radarmedia.ro\/index.php\/wp-json\/wp\/v2\/tags?post=7044"}],"curies":[{"name":"wp","href":"https:\/\/api.w.org\/{rel}","templated":true}]}}