{"id":7046,"date":"2026-07-08T11:34:01","date_gmt":"2026-07-08T08:34:01","guid":{"rendered":"https:\/\/radarmedia.ro\/?p=7046"},"modified":"2026-07-08T11:38:27","modified_gmt":"2026-07-08T08:38:27","slug":"itm-avertizeaza-patronii-masuri-obligatorii-pentru-protectia-salariatilor-pe-timpul-caniculei-amenzi-de-pana-la-2-500-de-lei","status":"publish","type":"post","link":"https:\/\/radarmedia.ro\/index.php\/2026\/07\/08\/itm-avertizeaza-patronii-masuri-obligatorii-pentru-protectia-salariatilor-pe-timpul-caniculei-amenzi-de-pana-la-2-500-de-lei\/","title":{"rendered":"Canicula aduce controale ale ITM. Angajatorii risc\u0103 p\u00e2n\u0103 la 2.500 de lei, dac\u0103 nu protejeaz\u0103 angaja\u021bii"},"content":{"rendered":"<p class=\"isSelectedEnd\">Inspectoratul Teritorial de Munc\u0103 (ITM) Gorj le reaminte\u0219te angajatorilor c\u0103, \u00een perioadele cu temperaturi extreme, au obliga\u021bia legal\u0103 de a lua m\u0103suri pentru protejarea s\u0103n\u0103t\u0103\u021bii salaria\u021bilor, \u00een special a celor care \u00ee\u0219i desf\u0103\u0219oar\u0103 activitatea \u00een aer liber.\u00a0Potrivit institu\u021biei, temperaturile extreme sunt considerate cele care dep\u0103\u0219esc 37 de grade Celsius sau care, \u00een condi\u021bii de umiditate ridicat\u0103, sunt echivalente cu acest nivel.\u00a0Conform Ordonan\u021bei de Urgen\u021b\u0103 nr. 99\/2000, angajatorii trebuie s\u0103 reduc\u0103 intensitatea \u0219i ritmul activit\u0103\u021bilor fizice, s\u0103 alterneze perioadele de munc\u0103 cu pauze \u00een locuri umbrite \u0219i ventilate, s\u0103 asigure ventila\u021bia la locul de munc\u0103 \u0219i s\u0103 organizeze activitatea astfel \u00eenc\u00e2t efortul fizic s\u0103 fie diminuat.<\/p>\n<p class=\"isSelectedEnd\">De asemenea, ace\u0219tia sunt obliga\u021bi s\u0103 pun\u0103 la dispozi\u021bia lucr\u0103torilor \u00eentre doi \u0219i patru litri de ap\u0103 mineral\u0103 pe persoan\u0103, pe schimb, echipament individual de protec\u021bie \u0219i, acolo unde este posibil, du\u0219uri.<\/p>\n<p class=\"isSelectedEnd\">\u00cen situa\u021bia \u00een care aceste m\u0103suri nu pot fi asigurate, angajatorii trebuie s\u0103 stabileasc\u0103, \u00eempreun\u0103 cu reprezentan\u021bii salaria\u021bilor sau ai sindicatelor, m\u0103suri alternative prev\u0103zute de lege, precum reducerea programului de lucru sau e\u0219alonarea acestuia \u00een dou\u0103 intervale ale zilei.<\/p>\n<p class=\"isSelectedEnd\">ITM Gorj atrage aten\u021bia \u0219i asupra obliga\u021biei de a asigura examene medicale periodice, acordarea primului ajutor \u0219i, dac\u0103 este necesar, adaptarea programului ori schimbarea temporar\u0103 a locului de munc\u0103 pentru salaria\u021bii care au afec\u021biuni incompatibile cu activitatea desf\u0103\u0219urat\u0103 la temperaturi extreme.\u00a0\u201ePentru verificarea respect\u0103rii de c\u0103tre angajatori a prevederilor legale, inspectorii de munc\u0103 din cadrul Inspectoratului Teritorial de Munc\u0103 Gorj vor ac\u021biona pe teren \u00een perioadele cu temperaturi extreme, fiind vizate, cu prioritate, activit\u0103\u021bile desf\u0103\u0219urate \u00een spa\u021bii deschise. Nerespectarea prevederilor Ordonan\u021bei de Urgen\u021b\u0103 nr. 99\/2000 se sanc\u021bioneaz\u0103 cu amend\u0103 de la 1.500 la 2.500 de lei\u201d, a declarat George Octavian Romane\u0219cu, inspector-\u0219ef al ITM Gorj.<\/p>\n","protected":false},"excerpt":{"rendered":"<p class=\"text-justify mb-2\" >Inspectoratul Teritorial de Munc\u0103 (ITM) Gorj le reaminte\u0219te angajatorilor c\u0103, \u00een perioadele cu temperaturi extreme, au obliga\u021bia legal\u0103 de a lua m\u0103suri pentru protejarea s\u0103n\u0103t\u0103\u021bii salaria\u021bilor, \u00een special a celor care \u00ee\u0219i desf\u0103\u0219oar\u0103 activitatea \u00een aer liber.\u00a0Potrivit institu\u021biei, temperaturile extreme sunt considerate cele care dep\u0103\u0219esc [&hellip;]<\/p>\n","protected":false},"author":2,"featured_media":5979,"comment_status":"open","ping_status":"open","sticky":false,"template":"","format":"standard","meta":{"footnotes":""},"categories":[13,4],"tags":[],"class_list":["post-7046","post","type-post","status-publish","format-standard","has-post-thumbnail","hentry","category-eveniment","category-ultima-ora"],"_links":{"self":[{"href":"https:\/\/radarmedia.ro\/index.php\/wp-json\/wp\/v2\/posts\/7046","targetHints":{"allow":["GET"]}}],"collection":[{"href":"https:\/\/radarmedia.ro\/index.php\/wp-json\/wp\/v2\/posts"}],"about":[{"href":"https:\/\/radarmedia.ro\/index.php\/wp-json\/wp\/v2\/types\/post"}],"author":[{"embeddable":true,"href":"https:\/\/radarmedia.ro\/index.php\/wp-json\/wp\/v2\/users\/2"}],"replies":[{"embeddable":true,"href":"https:\/\/radarmedia.ro\/index.php\/wp-json\/wp\/v2\/comments?post=7046"}],"version-history":[{"count":4,"href":"https:\/\/radarmedia.ro\/index.php\/wp-json\/wp\/v2\/posts\/7046\/revisions"}],"predecessor-version":[{"id":7050,"href":"https:\/\/radarmedia.ro\/index.php\/wp-json\/wp\/v2\/posts\/7046\/revisions\/7050"}],"wp:featuredmedia":[{"embeddable":true,"href":"https:\/\/radarmedia.ro\/index.php\/wp-json\/wp\/v2\/media\/5979"}],"wp:attachment":[{"href":"https:\/\/radarmedia.ro\/index.php\/wp-json\/wp\/v2\/media?parent=7046"}],"wp:term":[{"taxonomy":"category","embeddable":true,"href":"https:\/\/radarmedia.ro\/index.php\/wp-json\/wp\/v2\/categories?post=7046"},{"taxonomy":"post_tag","embeddable":true,"href":"https:\/\/radarmedia.ro\/index.php\/wp-json\/wp\/v2\/tags?post=7046"}],"curies":[{"name":"wp","href":"https:\/\/api.w.org\/{rel}","templated":true}]}}