{"id":7052,"date":"2026-07-09T12:33:10","date_gmt":"2026-07-09T09:33:10","guid":{"rendered":"https:\/\/radarmedia.ro\/?p=7052"},"modified":"2026-07-09T12:33:10","modified_gmt":"2026-07-09T09:33:10","slug":"bataie-si-amenintari-cu-cutitul-in-targu-jiu-un-tanar-a-ajuns-in-arest","status":"publish","type":"post","link":"https:\/\/radarmedia.ro\/index.php\/2026\/07\/09\/bataie-si-amenintari-cu-cutitul-in-targu-jiu-un-tanar-a-ajuns-in-arest\/","title":{"rendered":"B\u0103taie \u0219i amenin\u021b\u0103ri cu cu\u021bitul, \u00een T\u00e2rgu Jiu. Un t\u00e2n\u0103r a ajuns \u00een arest"},"content":{"rendered":"<p class=\"isSelectedEnd\">Patru persoane au fost implicate \u00eentr-un scandal izbucnit miercuri seara, pe strada Victoriei din municipiul T\u00e2rgu Jiu. \u00cen urma incidentului, un t\u00e2n\u0103r de 27 de ani din Bucure\u0219ti a fost re\u021binut de poli\u021bi\u0219ti pentru 24 de ore.\u00a0Poli\u021bia a fost alertat\u0103 \u00een jurul orei 19:00, printr-un apel la 112, care anun\u021ba un conflict \u00eentre mai multe persoane. La locul indicat au intervenit echipaje de poli\u021bie \u0219i jandarmi, care au identificat persoanele implicate.<\/p>\n<p class=\"isSelectedEnd\">Din verific\u0103rile efectuate a rezultat c\u0103 alterca\u021bia ar fi izbucnit spontan \u00eentre patru persoane, cu v\u00e2rste cuprinse \u00eentre 27 \u0219i 45 de ani, din T\u00e2rgu Jiu \u0219i Bucure\u0219ti. Anchetatorii au stabilit c\u0103 dou\u0103 femei, de 28 \u0219i 45 de ani, s-ar fi agresat reciproc, iar \u00een timpul conflictului un b\u0103rbat de 27 de ani ar fi amenin\u021bat cu un obiect t\u0103ietor un b\u0103rbat de 42 de ani din T\u00e2rgu Jiu.\u00a0To\u021bi cei implica\u021bi au fost du\u0219i la sediul Poli\u021biei Municipiului T\u00e2rgu Jiu pentru audieri. Poli\u021bi\u0219tii Biroului de Investiga\u021bii Criminale au deschis un dosar penal pentru lovire sau alte violen\u021be, amenin\u021bare \u0219i tulburarea ordinii \u0219i lini\u0219tii publice.<\/p>\n<p>\u00cen baza probelor administrate, b\u0103rbatul de 27 de ani din Bucure\u0219ti a fost re\u021binut pentru 24 de ore.<\/p>\n","protected":false},"excerpt":{"rendered":"<p class=\"text-justify mb-2\" >Patru persoane au fost implicate \u00eentr-un scandal izbucnit miercuri seara, pe strada Victoriei din municipiul T\u00e2rgu Jiu. \u00cen urma incidentului, un t\u00e2n\u0103r de 27 de ani din Bucure\u0219ti a fost re\u021binut de poli\u021bi\u0219ti pentru 24 de ore.\u00a0Poli\u021bia a fost alertat\u0103 \u00een jurul orei 19:00, printr-un [&hellip;]<\/p>\n","protected":false},"author":2,"featured_media":49,"comment_status":"open","ping_status":"open","sticky":false,"template":"","format":"standard","meta":{"footnotes":""},"categories":[13,4],"tags":[],"class_list":["post-7052","post","type-post","status-publish","format-standard","has-post-thumbnail","hentry","category-eveniment","category-ultima-ora"],"_links":{"self":[{"href":"https:\/\/radarmedia.ro\/index.php\/wp-json\/wp\/v2\/posts\/7052","targetHints":{"allow":["GET"]}}],"collection":[{"href":"https:\/\/radarmedia.ro\/index.php\/wp-json\/wp\/v2\/posts"}],"about":[{"href":"https:\/\/radarmedia.ro\/index.php\/wp-json\/wp\/v2\/types\/post"}],"author":[{"embeddable":true,"href":"https:\/\/radarmedia.ro\/index.php\/wp-json\/wp\/v2\/users\/2"}],"replies":[{"embeddable":true,"href":"https:\/\/radarmedia.ro\/index.php\/wp-json\/wp\/v2\/comments?post=7052"}],"version-history":[{"count":1,"href":"https:\/\/radarmedia.ro\/index.php\/wp-json\/wp\/v2\/posts\/7052\/revisions"}],"predecessor-version":[{"id":7053,"href":"https:\/\/radarmedia.ro\/index.php\/wp-json\/wp\/v2\/posts\/7052\/revisions\/7053"}],"wp:featuredmedia":[{"embeddable":true,"href":"https:\/\/radarmedia.ro\/index.php\/wp-json\/wp\/v2\/media\/49"}],"wp:attachment":[{"href":"https:\/\/radarmedia.ro\/index.php\/wp-json\/wp\/v2\/media?parent=7052"}],"wp:term":[{"taxonomy":"category","embeddable":true,"href":"https:\/\/radarmedia.ro\/index.php\/wp-json\/wp\/v2\/categories?post=7052"},{"taxonomy":"post_tag","embeddable":true,"href":"https:\/\/radarmedia.ro\/index.php\/wp-json\/wp\/v2\/tags?post=7052"}],"curies":[{"name":"wp","href":"https:\/\/api.w.org\/{rel}","templated":true}]}}