{"id":7054,"date":"2026-07-09T12:38:06","date_gmt":"2026-07-09T09:38:06","guid":{"rendered":"https:\/\/radarmedia.ro\/?p=7054"},"modified":"2026-07-09T12:38:06","modified_gmt":"2026-07-09T09:38:06","slug":"conflict-intre-doi-frati-un-barbat-de-50-de-ani-a-fost-retint","status":"publish","type":"post","link":"https:\/\/radarmedia.ro\/index.php\/2026\/07\/09\/conflict-intre-doi-frati-un-barbat-de-50-de-ani-a-fost-retint\/","title":{"rendered":"Conflict \u00eentre doi fra\u021bi. Un b\u0103rbat de 50 de ani a fost re\u021bint"},"content":{"rendered":"<p class=\"isSelectedEnd\">Un conflict izbucnit \u00eentre doi fra\u021bi din comuna V\u0103giule\u0219ti s-a \u00eencheiat cu re\u021binerea unuia dintre ei. Poli\u021bi\u0219tii Sec\u021biei 3 Poli\u021bie Rural\u0103 Motru au luat m\u0103sura re\u021binerii pentru 24 de ore fa\u021b\u0103 de un b\u0103rbat de 50 de ani, cercetat pentru amenin\u021bare \u0219i tulburarea ordinii \u0219i lini\u0219tii publice.\u00a0Potrivit anchetatorilor, incidentul a avut loc \u00een data de 4 iulie, la locuin\u021ba unui b\u0103rbat de 56 de ani. Fratele acestuia ar fi venit la domiciliu \u0219i, pe fondul unor ne\u00een\u021belegeri, i-ar fi adresat amenin\u021b\u0103ri cu acte de violen\u021b\u0103 at\u00e2t \u00een interiorul casei, c\u00e2t \u0219i \u00een exterior, provoc\u00e2ndu-i o stare de temere.\u00a0\u00cen urma sesiz\u0103rii, poli\u021bi\u0219tii au deschis un dosar penal \u0219i au emis un ordin de protec\u021bie provizoriu \u00eempotriva b\u0103rbatului de 50 de ani, pentru prevenirea unor noi acte de violen\u021b\u0103.<\/p>\n<p class=\"isSelectedEnd\">Dup\u0103 administrarea probatoriului, oamenii legii au dispus re\u021binerea acestuia pentru 24 de ore. B\u0103rbatul a fost introdus \u00een Centrul de Re\u021binere \u0219i Arestare Preventiv\u0103 al Inspectoratului de Poli\u021bie Jude\u021bean Gorj.<\/p>\n<p>&nbsp;<\/p>\n","protected":false},"excerpt":{"rendered":"<p class=\"text-justify mb-2\" >Un conflict izbucnit \u00eentre doi fra\u021bi din comuna V\u0103giule\u0219ti s-a \u00eencheiat cu re\u021binerea unuia dintre ei. Poli\u021bi\u0219tii Sec\u021biei 3 Poli\u021bie Rural\u0103 Motru au luat m\u0103sura re\u021binerii pentru 24 de ore fa\u021b\u0103 de un b\u0103rbat de 50 de ani, cercetat pentru amenin\u021bare \u0219i tulburarea ordinii \u0219i [&hellip;]<\/p>\n","protected":false},"author":2,"featured_media":6091,"comment_status":"open","ping_status":"open","sticky":false,"template":"","format":"standard","meta":{"footnotes":""},"categories":[13,4],"tags":[],"class_list":["post-7054","post","type-post","status-publish","format-standard","has-post-thumbnail","hentry","category-eveniment","category-ultima-ora"],"_links":{"self":[{"href":"https:\/\/radarmedia.ro\/index.php\/wp-json\/wp\/v2\/posts\/7054","targetHints":{"allow":["GET"]}}],"collection":[{"href":"https:\/\/radarmedia.ro\/index.php\/wp-json\/wp\/v2\/posts"}],"about":[{"href":"https:\/\/radarmedia.ro\/index.php\/wp-json\/wp\/v2\/types\/post"}],"author":[{"embeddable":true,"href":"https:\/\/radarmedia.ro\/index.php\/wp-json\/wp\/v2\/users\/2"}],"replies":[{"embeddable":true,"href":"https:\/\/radarmedia.ro\/index.php\/wp-json\/wp\/v2\/comments?post=7054"}],"version-history":[{"count":1,"href":"https:\/\/radarmedia.ro\/index.php\/wp-json\/wp\/v2\/posts\/7054\/revisions"}],"predecessor-version":[{"id":7055,"href":"https:\/\/radarmedia.ro\/index.php\/wp-json\/wp\/v2\/posts\/7054\/revisions\/7055"}],"wp:featuredmedia":[{"embeddable":true,"href":"https:\/\/radarmedia.ro\/index.php\/wp-json\/wp\/v2\/media\/6091"}],"wp:attachment":[{"href":"https:\/\/radarmedia.ro\/index.php\/wp-json\/wp\/v2\/media?parent=7054"}],"wp:term":[{"taxonomy":"category","embeddable":true,"href":"https:\/\/radarmedia.ro\/index.php\/wp-json\/wp\/v2\/categories?post=7054"},{"taxonomy":"post_tag","embeddable":true,"href":"https:\/\/radarmedia.ro\/index.php\/wp-json\/wp\/v2\/tags?post=7054"}],"curies":[{"name":"wp","href":"https:\/\/api.w.org\/{rel}","templated":true}]}}