{"id":7058,"date":"2026-07-10T09:16:22","date_gmt":"2026-07-10T06:16:22","guid":{"rendered":"https:\/\/radarmedia.ro\/?p=7058"},"modified":"2026-07-10T09:16:22","modified_gmt":"2026-07-10T06:16:22","slug":"descinderi-suspectati-ca-au-trecut-firmele-pe-numele-unor-persoane-fara-adapost-si-au-inselat-alte-societati","status":"publish","type":"post","link":"https:\/\/radarmedia.ro\/index.php\/2026\/07\/10\/descinderi-suspectati-ca-au-trecut-firmele-pe-numele-unor-persoane-fara-adapost-si-au-inselat-alte-societati\/","title":{"rendered":"Descinderi. Suspecta\u021bi c\u0103 au trecut firmele pe numele unor persoane f\u0103r\u0103 ad\u0103post \u0219i au \u00een\u0219elat alte societ\u0103\u021bi"},"content":{"rendered":"<p data-start=\"95\" data-end=\"382\">Patru persoane sunt cercetate \u00eentr-un dosar de \u00een\u0219el\u0103ciune cu consecin\u021be deosebit de grave, t\u0103inuire \u0219i fals \u00een \u00eenscrisuri sub semn\u0103tur\u0103 privat\u0103, \u00een care poli\u021bi\u0219tii de Investigare a Criminalit\u0103\u021bii Economice din Bra\u0219ov au efectuat 17 perchezi\u021bii domiciliare, inclusiv una \u00een jude\u021bul Gorj.\u00a0Potrivit anchetatorilor, suspec\u021bii ar fi preluat dou\u0103 societ\u0103\u021bi comerciale pe numele unor persoane f\u0103r\u0103 venituri sau f\u0103r\u0103 ad\u0103post, iar ulterior ar fi comandat m\u0103rfuri de la 30 de furnizori, folosind bilete la ordin \u0219i file CEC care au fost refuzate la plat\u0103 din lipsa fondurilor.<\/p>\n<p data-start=\"665\" data-end=\"979\" data-is-last-node=\"\" data-is-only-node=\"\">Prejudiciul este estimat la aproximativ 5,5 milioane de lei, iar la finalul perchezi\u021biilor cele patru persoane au fost conduse la audieri. \u00cen acela\u0219i dosar, \u00een cursul acestui an au mai avut loc 15 perchezi\u021bii, fiind ridicate bunuri \u00een valoare de aproximativ 147.500 de lei \u0219i dispus\u0103 re\u021binerea a dou\u0103 persoane.<\/p>\n","protected":false},"excerpt":{"rendered":"<p class=\"text-justify mb-2\" >Patru persoane sunt cercetate \u00eentr-un dosar de \u00een\u0219el\u0103ciune cu consecin\u021be deosebit de grave, t\u0103inuire \u0219i fals \u00een \u00eenscrisuri sub semn\u0103tur\u0103 privat\u0103, \u00een care poli\u021bi\u0219tii de Investigare a Criminalit\u0103\u021bii Economice din Bra\u0219ov au efectuat 17 perchezi\u021bii domiciliare, inclusiv una \u00een jude\u021bul Gorj.\u00a0Potrivit anchetatorilor, suspec\u021bii ar fi [&hellip;]<\/p>\n","protected":false},"author":2,"featured_media":675,"comment_status":"open","ping_status":"open","sticky":false,"template":"","format":"standard","meta":{"footnotes":""},"categories":[13,4],"tags":[],"class_list":["post-7058","post","type-post","status-publish","format-standard","has-post-thumbnail","hentry","category-eveniment","category-ultima-ora"],"_links":{"self":[{"href":"https:\/\/radarmedia.ro\/index.php\/wp-json\/wp\/v2\/posts\/7058","targetHints":{"allow":["GET"]}}],"collection":[{"href":"https:\/\/radarmedia.ro\/index.php\/wp-json\/wp\/v2\/posts"}],"about":[{"href":"https:\/\/radarmedia.ro\/index.php\/wp-json\/wp\/v2\/types\/post"}],"author":[{"embeddable":true,"href":"https:\/\/radarmedia.ro\/index.php\/wp-json\/wp\/v2\/users\/2"}],"replies":[{"embeddable":true,"href":"https:\/\/radarmedia.ro\/index.php\/wp-json\/wp\/v2\/comments?post=7058"}],"version-history":[{"count":1,"href":"https:\/\/radarmedia.ro\/index.php\/wp-json\/wp\/v2\/posts\/7058\/revisions"}],"predecessor-version":[{"id":7059,"href":"https:\/\/radarmedia.ro\/index.php\/wp-json\/wp\/v2\/posts\/7058\/revisions\/7059"}],"wp:featuredmedia":[{"embeddable":true,"href":"https:\/\/radarmedia.ro\/index.php\/wp-json\/wp\/v2\/media\/675"}],"wp:attachment":[{"href":"https:\/\/radarmedia.ro\/index.php\/wp-json\/wp\/v2\/media?parent=7058"}],"wp:term":[{"taxonomy":"category","embeddable":true,"href":"https:\/\/radarmedia.ro\/index.php\/wp-json\/wp\/v2\/categories?post=7058"},{"taxonomy":"post_tag","embeddable":true,"href":"https:\/\/radarmedia.ro\/index.php\/wp-json\/wp\/v2\/tags?post=7058"}],"curies":[{"name":"wp","href":"https:\/\/api.w.org\/{rel}","templated":true}]}}