{"id":7060,"date":"2026-07-12T09:39:19","date_gmt":"2026-07-12T06:39:19","guid":{"rendered":"https:\/\/radarmedia.ro\/?p=7060"},"modified":"2026-07-12T09:39:19","modified_gmt":"2026-07-12T06:39:19","slug":"locuitorii-din-turburea-au-beneficiat-de-consultatii-medicale-gratuite-campanie-de-preventie-organizata-cu-sprijinul-primariei","status":"publish","type":"post","link":"https:\/\/radarmedia.ro\/index.php\/2026\/07\/12\/locuitorii-din-turburea-au-beneficiat-de-consultatii-medicale-gratuite-campanie-de-preventie-organizata-cu-sprijinul-primariei\/","title":{"rendered":"Locuitorii din Turburea au beneficiat de consulta\u021bii medicale gratuite. Campanie de preven\u021bie, organizat\u0103 cu sprijinul Prim\u0103riei"},"content":{"rendered":"<p class=\"isSelectedEnd\">Locuitorii comunei Turburea au avut acces, vineri, 10 iulie, la consulta\u021bii \u0219i investiga\u021bii medicale gratuite, \u00een cadrul unei campanii de preven\u021bie desf\u0103\u0219urate \u00een localitate. Ac\u021biunea a fost organizat\u0103 cu implicarea administra\u021biei locale, \u00een colaborare cu parteneri din domeniul medical \u0219i organiza\u021bii implicate \u00een promovarea s\u0103n\u0103t\u0103\u021bii.\u00a0Primarul Ion B\u00e2rc\u0103 a declarat c\u0103 astfel de ini\u021biative sunt importante pentru depistarea din timp a unor afec\u021biuni \u0219i pentru \u00eencurajarea oamenilor s\u0103 acorde o aten\u021bie sporit\u0103 propriei s\u0103n\u0103t\u0103\u021bi.<\/p>\n<p class=\"isSelectedEnd\">\u201eS\u0103n\u0103tatea comunit\u0103\u021bii noastre este \u0219i r\u0103m\u00e2ne o prioritate. M\u0103 bucur c\u0103 ast\u0103zi, la Turburea, am reu\u0219it s\u0103 oferim locuitorilor posibilitatea de a beneficia de consulta\u021bii \u0219i investiga\u021bii medicale gratuite, \u00een cadrul unei noi campanii de preven\u021bie\u201d, a afirmat edilul.\u00a0Acesta a mul\u021bumit Gabrielei Dan, director ING, pentru sprijinul oferit \u00een organizarea evenimentului, dar \u0219i cadrelor medicale care au acordat consulta\u021bii \u0219i au realizat investiga\u021biile gratuite. Totodat\u0103, primarul a eviden\u021biat colaborarea cu Asocia\u021bia Bolnavilor de Cancer Gorj, organiza\u021bie care desf\u0103\u0219oar\u0103 \u00een mod constant ac\u021biuni de informare \u0219i preven\u021bie \u00een jude\u021b.<\/p>\n<p class=\"isSelectedEnd\">La finalul campaniei, Ion B\u00e2rc\u0103 le-a transmis mul\u021bumiri tuturor celor care au ales s\u0103 participe \u0219i a subliniat c\u0103 administra\u021bia local\u0103 va continua s\u0103 sprijine proiectele dedicate s\u0103n\u0103t\u0103\u021bii publice.\u00a0\u201e\u00cempreun\u0103 construim o comunitate mai s\u0103n\u0103toas\u0103 \u0219i mai puternic\u0103\u201d, a fost mesajul adresat de primarul comunei Turburea.<\/p>\n","protected":false},"excerpt":{"rendered":"<p class=\"text-justify mb-2\" >Locuitorii comunei Turburea au avut acces, vineri, 10 iulie, la consulta\u021bii \u0219i investiga\u021bii medicale gratuite, \u00een cadrul unei campanii de preven\u021bie desf\u0103\u0219urate \u00een localitate. Ac\u021biunea a fost organizat\u0103 cu implicarea administra\u021biei locale, \u00een colaborare cu parteneri din domeniul medical \u0219i organiza\u021bii implicate \u00een promovarea s\u0103n\u0103t\u0103\u021bii.\u00a0Primarul [&hellip;]<\/p>\n","protected":false},"author":2,"featured_media":7061,"comment_status":"open","ping_status":"open","sticky":false,"template":"","format":"standard","meta":{"footnotes":""},"categories":[5,4],"tags":[],"class_list":["post-7060","post","type-post","status-publish","format-standard","has-post-thumbnail","hentry","category-actualitate","category-ultima-ora"],"_links":{"self":[{"href":"https:\/\/radarmedia.ro\/index.php\/wp-json\/wp\/v2\/posts\/7060","targetHints":{"allow":["GET"]}}],"collection":[{"href":"https:\/\/radarmedia.ro\/index.php\/wp-json\/wp\/v2\/posts"}],"about":[{"href":"https:\/\/radarmedia.ro\/index.php\/wp-json\/wp\/v2\/types\/post"}],"author":[{"embeddable":true,"href":"https:\/\/radarmedia.ro\/index.php\/wp-json\/wp\/v2\/users\/2"}],"replies":[{"embeddable":true,"href":"https:\/\/radarmedia.ro\/index.php\/wp-json\/wp\/v2\/comments?post=7060"}],"version-history":[{"count":1,"href":"https:\/\/radarmedia.ro\/index.php\/wp-json\/wp\/v2\/posts\/7060\/revisions"}],"predecessor-version":[{"id":7062,"href":"https:\/\/radarmedia.ro\/index.php\/wp-json\/wp\/v2\/posts\/7060\/revisions\/7062"}],"wp:featuredmedia":[{"embeddable":true,"href":"https:\/\/radarmedia.ro\/index.php\/wp-json\/wp\/v2\/media\/7061"}],"wp:attachment":[{"href":"https:\/\/radarmedia.ro\/index.php\/wp-json\/wp\/v2\/media?parent=7060"}],"wp:term":[{"taxonomy":"category","embeddable":true,"href":"https:\/\/radarmedia.ro\/index.php\/wp-json\/wp\/v2\/categories?post=7060"},{"taxonomy":"post_tag","embeddable":true,"href":"https:\/\/radarmedia.ro\/index.php\/wp-json\/wp\/v2\/tags?post=7060"}],"curies":[{"name":"wp","href":"https:\/\/api.w.org\/{rel}","templated":true}]}}