{"id":7074,"date":"2026-07-14T13:28:54","date_gmt":"2026-07-14T10:28:54","guid":{"rendered":"https:\/\/radarmedia.ro\/?p=7074"},"modified":"2026-07-14T13:28:54","modified_gmt":"2026-07-14T10:28:54","slug":"jumatate-din-salariatii-minprest-platiti-cu-minimum-pe-economie-desi-fac-aceleasi-munci-ca-angajatii-ceo-in-cariere-si-termocentrale","status":"publish","type":"post","link":"https:\/\/radarmedia.ro\/index.php\/2026\/07\/14\/jumatate-din-salariatii-minprest-platiti-cu-minimum-pe-economie-desi-fac-aceleasi-munci-ca-angajatii-ceo-in-cariere-si-termocentrale\/","title":{"rendered":"Jum\u0103tate din salaria\u021bii MinPrest, pl\u0103ti\u021bi cu minimum pe economie, de\u0219i fac acelea\u0219i munci ca angaja\u021bii CEO, \u00een cariere \u0219i termocentrale"},"content":{"rendered":"<p class=\"isSelectedEnd\">Liderul Sindicatului \u201eAlfa\u201d din cadrul Minprest Serv, Cosmin Bivolaru, solicit\u0103 conducerii companiei m\u0103suri urgente pentru majorarea veniturilor angaja\u021bilor, sus\u021bin\u00e2nd c\u0103 peste jum\u0103tate dintre salaria\u021bi sunt remunera\u021bi cu salariul minim pe economie.<\/p>\n<p class=\"isSelectedEnd\">Potrivit sindicalistului, administra\u021bia a fost convocat\u0103 la o \u00eent\u00e2lnire programat\u0103 pentru joi, \u00een cadrul c\u0103reia vor fi analizate solu\u021biile pentru rezolvarea situa\u021biei.\u00a0\u201eNu este posibil ca muncitori califica\u021bi, care lucreaz\u0103 \u00een termocentrale \u0219i \u00een carierele miniere, s\u0103 fie pl\u0103ti\u021bi cu salariul minim pe economie. Avem un contract colectiv de munc\u0103 \u0219i administra\u021bia este obligat\u0103 s\u0103 ia m\u0103suri\u201d, a declarat Cosmin Bivolaru.<\/p>\n<p class=\"isSelectedEnd\">Liderul de sindicat estimeaz\u0103 c\u0103 aproximativ 500 de angaja\u021bi ai Minprest sunt \u00een aceast\u0103 situa\u021bie, inclusiv meseria\u0219i califica\u021bi, precum l\u0103c\u0103tu\u0219i, manevran\u021bi CF sau pompieri, care desf\u0103\u0219oar\u0103 activit\u0103\u021bi cu un grad ridicat de responsabilitate.\u00a0Nici ceilal\u021bi salaria\u021bi nu au venituri semnificativ mai mari, sus\u021bine Bivolaru, diferen\u021bele fa\u021b\u0103 de salariul minim fiind, \u00een multe cazuri, de doar c\u00e2teva zeci de lei.<\/p>\n<p>Sindicatul solicit\u0103 explica\u021bii \u0219i \u00een leg\u0103tur\u0103 cu demersurile f\u0103cute de Minprest c\u0103tre Complexul Energetic Oltenia pentru recuperarea costurilor generate de majorarea salariului minim de la 1 iulie. \u00cen func\u021bie de concluziile \u00eent\u00e2lnirii de joi, sindicali\u0219tii spun c\u0103 vor decide ce m\u0103suri vor urma.<\/p>\n","protected":false},"excerpt":{"rendered":"<p class=\"text-justify mb-2\" >Liderul Sindicatului \u201eAlfa\u201d din cadrul Minprest Serv, Cosmin Bivolaru, solicit\u0103 conducerii companiei m\u0103suri urgente pentru majorarea veniturilor angaja\u021bilor, sus\u021bin\u00e2nd c\u0103 peste jum\u0103tate dintre salaria\u021bi sunt remunera\u021bi cu salariul minim pe economie. Potrivit sindicalistului, administra\u021bia a fost convocat\u0103 la o \u00eent\u00e2lnire programat\u0103 pentru joi, \u00een cadrul [&hellip;]<\/p>\n","protected":false},"author":2,"featured_media":7075,"comment_status":"open","ping_status":"open","sticky":false,"template":"","format":"standard","meta":{"footnotes":""},"categories":[13,4],"tags":[],"class_list":["post-7074","post","type-post","status-publish","format-standard","has-post-thumbnail","hentry","category-eveniment","category-ultima-ora"],"_links":{"self":[{"href":"https:\/\/radarmedia.ro\/index.php\/wp-json\/wp\/v2\/posts\/7074","targetHints":{"allow":["GET"]}}],"collection":[{"href":"https:\/\/radarmedia.ro\/index.php\/wp-json\/wp\/v2\/posts"}],"about":[{"href":"https:\/\/radarmedia.ro\/index.php\/wp-json\/wp\/v2\/types\/post"}],"author":[{"embeddable":true,"href":"https:\/\/radarmedia.ro\/index.php\/wp-json\/wp\/v2\/users\/2"}],"replies":[{"embeddable":true,"href":"https:\/\/radarmedia.ro\/index.php\/wp-json\/wp\/v2\/comments?post=7074"}],"version-history":[{"count":1,"href":"https:\/\/radarmedia.ro\/index.php\/wp-json\/wp\/v2\/posts\/7074\/revisions"}],"predecessor-version":[{"id":7076,"href":"https:\/\/radarmedia.ro\/index.php\/wp-json\/wp\/v2\/posts\/7074\/revisions\/7076"}],"wp:featuredmedia":[{"embeddable":true,"href":"https:\/\/radarmedia.ro\/index.php\/wp-json\/wp\/v2\/media\/7075"}],"wp:attachment":[{"href":"https:\/\/radarmedia.ro\/index.php\/wp-json\/wp\/v2\/media?parent=7074"}],"wp:term":[{"taxonomy":"category","embeddable":true,"href":"https:\/\/radarmedia.ro\/index.php\/wp-json\/wp\/v2\/categories?post=7074"},{"taxonomy":"post_tag","embeddable":true,"href":"https:\/\/radarmedia.ro\/index.php\/wp-json\/wp\/v2\/tags?post=7074"}],"curies":[{"name":"wp","href":"https:\/\/api.w.org\/{rel}","templated":true}]}}