{"id":7079,"date":"2026-07-15T22:59:21","date_gmt":"2026-07-15T19:59:21","guid":{"rendered":"https:\/\/radarmedia.ro\/?p=7079"},"modified":"2026-07-15T22:59:21","modified_gmt":"2026-07-15T19:59:21","slug":"primaria-turburea-angajeaza-inspector-in-compartimentul-de-asistenta-sociala","status":"publish","type":"post","link":"https:\/\/radarmedia.ro\/index.php\/2026\/07\/15\/primaria-turburea-angajeaza-inspector-in-compartimentul-de-asistenta-sociala\/","title":{"rendered":"Prim\u0103ria Turburea angajeaz\u0103 inspector \u00een Compartimentul de Asisten\u021b\u0103 Social\u0103"},"content":{"rendered":"<div class=\"relative basis-auto flex-col -mb-(--composer-overlap-px) pb-(--composer-overlap-px) [--composer-overlap-px:28px] grow flex\" data-voice-floating-orb-focus-background=\"\">\n<div class=\"flex flex-col text-sm\">\n<div class=\"qMYqUG_convSearchResultHighlightRoot\">\n<div class=\"\" data-turn-id-container=\"request-WEB:74b653fb-479a-4bf6-bfaa-7781e6b58733-2\" data-is-intersecting=\"true\">\n<section class=\"text-token-text-primary w-full focus:outline-none has-data-writing-block:pointer-events-none [&amp;:has([data-writing-block])&gt;*]:pointer-events-auto R6Vx5W_threadScrollVars scroll-mb-[calc(var(--scroll-root-safe-area-inset-bottom,0px)+var(--thread-response-height))] scroll-mt-[calc(var(--header-height)+min(200px,max(70px,20svh)))]\" dir=\"auto\" data-turn-id=\"request-WEB:74b653fb-479a-4bf6-bfaa-7781e6b58733-2\" data-turn-id-container=\"request-WEB:74b653fb-479a-4bf6-bfaa-7781e6b58733-2\" data-testid=\"conversation-turn-6\" data-turn=\"assistant\">\n<div class=\"text-base my-auto mx-auto pb-15 [--thread-content-margin:var(--thread-content-margin-xs,calc(var(--spacing)*4))] @w-sm\/main:[--thread-content-margin:var(--thread-content-margin-sm,calc(var(--spacing)*6))] @w-lg\/main:[--thread-content-margin:var(--thread-content-margin-lg,calc(var(--spacing)*16))] px-(--thread-content-margin)\">\n<div class=\"[--thread-content-max-width:40rem] @w-lg\/main:[--thread-content-max-width:48rem] mx-auto max-w-(--thread-content-max-width) flex-1 group\/turn-messages focus-visible:outline-hidden relative flex w-full min-w-0 flex-col agent-turn\" data-conversation-screenshot-content=\"\">\n<div class=\"flex max-w-full flex-col gap-4 grow\">\n<div class=\"min-h-8 text-message relative flex w-full flex-col items-end gap-2 text-start break-words whitespace-normal outline-none keyboard-focused:focus-ring [.text-message+&amp;]:mt-1\" dir=\"auto\" tabindex=\"0\" data-message-author-role=\"assistant\" data-message-id=\"35dddd32-f1a5-48d2-a10b-de39b2846e3b\" data-message-model-slug=\"gpt-5-5\" data-turn-start-message=\"true\">\n<div class=\"flex w-full flex-col gap-1 empty:hidden\">\n<div class=\"markdown prose dark:prose-invert wrap-break-word w-full light markdown-new-styling\">\n<p data-start=\"121\" data-end=\"354\">Prim\u0103ria comunei Turburea a anun\u021bat organizarea unui concurs de recrutare pentru ocuparea unei func\u021bii publice de execu\u021bie vacante de inspector, clasa I, grad profesional superior, \u00een cadrul Compartimentului de Asisten\u021b\u0103 Social\u0103.\u00a0Persoanele interesate \u00ee\u0219i pot depune dosarele de \u00eensiere la sediul institu\u021biei p\u00e2n\u0103 la 27 iulie 2026.\u00a0Concursul va avea loc la sediul Prim\u0103riei Turburea \u0219i va \u00eencepe cu proba scris\u0103, programat\u0103 pentru 7 august 2026, la ora 11:00, urm\u00e2nd ca ulterior s\u0103 fie sus\u021binut \u0219i interviul.<\/p>\n<p data-start=\"649\" data-end=\"948\">Pentru a putea participa la concurs, candida\u021bii trebuie s\u0103 \u00eendeplineasc\u0103 mai multe condi\u021bii specifice. Ace\u0219tia trebuie s\u0103 fie absolven\u021bi ai unor studii universitare de licen\u021b\u0103, finalizate cu diplom\u0103 de licen\u021b\u0103 sau echivalent\u0103, \u0219i s\u0103 aib\u0103 minimum \u0219apte ani vechime \u00een specialitatea studiilor.<\/p>\n<p data-start=\"950\" data-end=\"1163\" data-is-last-node=\"\" data-is-only-node=\"\">Persoanele interesate pot ob\u021bine informa\u021bii suplimentare privind documentele necesare, bibliografia \u0219i desf\u0103\u0219urarea concursului direct de la sediul Prim\u0103riei Turburea sau consult\u00e2nd anun\u021bul publicat de institu\u021bie.<\/p>\n<\/div>\n<\/div>\n<\/div>\n<\/div>\n<div class=\"z-0 flex min-h-[46px] justify-start\"><\/div>\n<\/div>\n<\/div>\n<\/section>\n<\/div>\n<\/div>\n<\/div>\n<\/div>\n","protected":false},"excerpt":{"rendered":"<p class=\"text-justify mb-2\" >Prim\u0103ria comunei Turburea a anun\u021bat organizarea unui concurs de recrutare pentru ocuparea unei func\u021bii publice de execu\u021bie vacante de inspector, clasa I, grad profesional superior, \u00een cadrul Compartimentului de Asisten\u021b\u0103 Social\u0103.\u00a0Persoanele interesate \u00ee\u0219i pot depune dosarele de \u00eensiere la sediul institu\u021biei p\u00e2n\u0103 la 27 iulie [&hellip;]<\/p>\n","protected":false},"author":2,"featured_media":6387,"comment_status":"open","ping_status":"open","sticky":false,"template":"","format":"standard","meta":{"footnotes":""},"categories":[5,4],"tags":[],"class_list":["post-7079","post","type-post","status-publish","format-standard","has-post-thumbnail","hentry","category-actualitate","category-ultima-ora"],"_links":{"self":[{"href":"https:\/\/radarmedia.ro\/index.php\/wp-json\/wp\/v2\/posts\/7079","targetHints":{"allow":["GET"]}}],"collection":[{"href":"https:\/\/radarmedia.ro\/index.php\/wp-json\/wp\/v2\/posts"}],"about":[{"href":"https:\/\/radarmedia.ro\/index.php\/wp-json\/wp\/v2\/types\/post"}],"author":[{"embeddable":true,"href":"https:\/\/radarmedia.ro\/index.php\/wp-json\/wp\/v2\/users\/2"}],"replies":[{"embeddable":true,"href":"https:\/\/radarmedia.ro\/index.php\/wp-json\/wp\/v2\/comments?post=7079"}],"version-history":[{"count":1,"href":"https:\/\/radarmedia.ro\/index.php\/wp-json\/wp\/v2\/posts\/7079\/revisions"}],"predecessor-version":[{"id":7080,"href":"https:\/\/radarmedia.ro\/index.php\/wp-json\/wp\/v2\/posts\/7079\/revisions\/7080"}],"wp:featuredmedia":[{"embeddable":true,"href":"https:\/\/radarmedia.ro\/index.php\/wp-json\/wp\/v2\/media\/6387"}],"wp:attachment":[{"href":"https:\/\/radarmedia.ro\/index.php\/wp-json\/wp\/v2\/media?parent=7079"}],"wp:term":[{"taxonomy":"category","embeddable":true,"href":"https:\/\/radarmedia.ro\/index.php\/wp-json\/wp\/v2\/categories?post=7079"},{"taxonomy":"post_tag","embeddable":true,"href":"https:\/\/radarmedia.ro\/index.php\/wp-json\/wp\/v2\/tags?post=7079"}],"curies":[{"name":"wp","href":"https:\/\/api.w.org\/{rel}","templated":true}]}}