{"id":7081,"date":"2026-07-16T22:23:48","date_gmt":"2026-07-16T19:23:48","guid":{"rendered":"https:\/\/radarmedia.ro\/?p=7081"},"modified":"2026-07-16T22:23:48","modified_gmt":"2026-07-16T19:23:48","slug":"autoturism-cuprins-de-flacarile-extinde-de-la-un-fanar","status":"publish","type":"post","link":"https:\/\/radarmedia.ro\/index.php\/2026\/07\/16\/autoturism-cuprins-de-flacarile-extinde-de-la-un-fanar\/","title":{"rendered":"Autoturism cuprins de fl\u0103c\u0103rile extinde de la un f\u00e2nar"},"content":{"rendered":"<div class=\"qMYqUG_convSearchResultHighlightRoot\">\n<div class=\"\" data-turn-id-container=\"request-WEB:76322056-7e74-4d75-98b2-653936c6a016-3\" data-is-intersecting=\"true\">\n<section class=\"text-token-text-primary w-full focus:outline-none has-data-writing-block:pointer-events-none [&amp;:has([data-writing-block])&gt;*]:pointer-events-auto R6Vx5W_threadScrollVars scroll-mb-[calc(var(--scroll-root-safe-area-inset-bottom,0px)+var(--thread-response-height))] scroll-mt-[calc(var(--header-height)+min(200px,max(70px,20svh)))]\" dir=\"auto\" data-turn-id=\"request-WEB:76322056-7e74-4d75-98b2-653936c6a016-3\" data-turn-id-container=\"request-WEB:76322056-7e74-4d75-98b2-653936c6a016-3\" data-testid=\"conversation-turn-8\" data-turn=\"assistant\">\n<div class=\"text-base my-auto mx-auto pb-15 [--thread-content-margin:var(--thread-content-margin-xs,calc(var(--spacing)*4))] @w-sm\/main:[--thread-content-margin:var(--thread-content-margin-sm,calc(var(--spacing)*6))] @w-lg\/main:[--thread-content-margin:var(--thread-content-margin-lg,calc(var(--spacing)*16))] px-(--thread-content-margin)\">\n<div class=\"[--thread-content-max-width:40rem] @w-lg\/main:[--thread-content-max-width:48rem] mx-auto max-w-(--thread-content-max-width) flex-1 group\/turn-messages focus-visible:outline-hidden relative flex w-full min-w-0 flex-col agent-turn\" data-conversation-screenshot-content=\"\">\n<div class=\"flex max-w-full flex-col gap-4 grow\">\n<div class=\"min-h-8 text-message relative flex w-full flex-col items-end gap-2 text-start break-words whitespace-normal outline-none keyboard-focused:focus-ring [.text-message+&amp;]:mt-1\" dir=\"auto\" tabindex=\"0\" data-message-author-role=\"assistant\" data-message-id=\"f76eefb8-fa2d-4c82-9c52-32d0c9cdd114\" data-message-model-slug=\"gpt-5-5\" data-turn-start-message=\"true\">\n<div class=\"flex w-full flex-col gap-1 empty:hidden\">\n<div class=\"markdown prose dark:prose-invert wrap-break-word w-full light markdown-new-styling\">\n<p data-start=\"88\" data-end=\"243\">Un incendiu puternic a izbucnit, miercuri sear\u0103, la un f\u00e2nar din satul Dobri\u021ba, comuna Runcu, interven\u021bia pompierilor fiind solicitat\u0103 \u00een jurul orei 19:00.\u00a0ISU Gorj a mobilizat la fa\u021ba locului patru autospeciale de stingere \u0219i un echipaj SMURD. La sosirea salvatorilor, focul se manifesta violent la f\u00e2nar \u0219i cuprinsese \u0219i un autoturism aflat \u00een imediata apropiere.\u00a0\u00a0Pompierii au reu\u0219it s\u0103 limiteze extinderea incendiului \u0219i s\u0103 \u00eempiedice propagarea acestuia. Incendiul a fost localizat \u0219i lichidat \u00een mare parte, echipajele continu\u00e2nd interven\u021bia pentru stingerea ultimelor focare.<\/p>\n<p data-start=\"672\" data-end=\"853\" data-is-last-node=\"\" data-is-only-node=\"\">\u00cen urma incidentului, o femeie a suferit un atac de panic\u0103 \u0219i a fost asistat\u0103 medical de echipajul SMURD. Cauza producerii incendiului va fi stabilit\u0103 dup\u0103 finalizarea cercet\u0103rilor.<\/p>\n<\/div>\n<\/div>\n<\/div>\n<\/div>\n<div class=\"z-0 flex min-h-[46px] justify-start\"><\/div>\n<div class=\"mt-3 w-full empty:hidden\">\n<div class=\"text-center\"><\/div>\n<\/div>\n<\/div>\n<\/div>\n<\/section>\n<\/div>\n<\/div>\n<div class=\"pointer-events-none -mt-px h-px translate-y-(--scroll-root-safe-area-inset-bottom)\" aria-hidden=\"true\"><\/div>\n","protected":false},"excerpt":{"rendered":"<p class=\"text-justify mb-2\" >Un incendiu puternic a izbucnit, miercuri sear\u0103, la un f\u00e2nar din satul Dobri\u021ba, comuna Runcu, interven\u021bia pompierilor fiind solicitat\u0103 \u00een jurul orei 19:00.\u00a0ISU Gorj a mobilizat la fa\u021ba locului patru autospeciale de stingere \u0219i un echipaj SMURD. La sosirea salvatorilor, focul se manifesta violent la [&hellip;]<\/p>\n","protected":false},"author":2,"featured_media":7082,"comment_status":"open","ping_status":"open","sticky":false,"template":"","format":"standard","meta":{"footnotes":""},"categories":[13,4],"tags":[],"class_list":["post-7081","post","type-post","status-publish","format-standard","has-post-thumbnail","hentry","category-eveniment","category-ultima-ora"],"_links":{"self":[{"href":"https:\/\/radarmedia.ro\/index.php\/wp-json\/wp\/v2\/posts\/7081","targetHints":{"allow":["GET"]}}],"collection":[{"href":"https:\/\/radarmedia.ro\/index.php\/wp-json\/wp\/v2\/posts"}],"about":[{"href":"https:\/\/radarmedia.ro\/index.php\/wp-json\/wp\/v2\/types\/post"}],"author":[{"embeddable":true,"href":"https:\/\/radarmedia.ro\/index.php\/wp-json\/wp\/v2\/users\/2"}],"replies":[{"embeddable":true,"href":"https:\/\/radarmedia.ro\/index.php\/wp-json\/wp\/v2\/comments?post=7081"}],"version-history":[{"count":1,"href":"https:\/\/radarmedia.ro\/index.php\/wp-json\/wp\/v2\/posts\/7081\/revisions"}],"predecessor-version":[{"id":7083,"href":"https:\/\/radarmedia.ro\/index.php\/wp-json\/wp\/v2\/posts\/7081\/revisions\/7083"}],"wp:featuredmedia":[{"embeddable":true,"href":"https:\/\/radarmedia.ro\/index.php\/wp-json\/wp\/v2\/media\/7082"}],"wp:attachment":[{"href":"https:\/\/radarmedia.ro\/index.php\/wp-json\/wp\/v2\/media?parent=7081"}],"wp:term":[{"taxonomy":"category","embeddable":true,"href":"https:\/\/radarmedia.ro\/index.php\/wp-json\/wp\/v2\/categories?post=7081"},{"taxonomy":"post_tag","embeddable":true,"href":"https:\/\/radarmedia.ro\/index.php\/wp-json\/wp\/v2\/tags?post=7081"}],"curies":[{"name":"wp","href":"https:\/\/api.w.org\/{rel}","templated":true}]}}