{"id":7085,"date":"2026-07-17T11:26:42","date_gmt":"2026-07-17T08:26:42","guid":{"rendered":"https:\/\/radarmedia.ro\/?p=7085"},"modified":"2026-07-17T11:26:42","modified_gmt":"2026-07-17T08:26:42","slug":"sute-de-produse-contrafacute-confiscate-din-balciul-anual-de-la-polovragi","status":"publish","type":"post","link":"https:\/\/radarmedia.ro\/index.php\/2026\/07\/17\/sute-de-produse-contrafacute-confiscate-din-balciul-anual-de-la-polovragi\/","title":{"rendered":"Sute de produse contraf\u0103cute, confiscate din b\u00e2lciul anual de la Polovragi"},"content":{"rendered":"<div class=\"text-base my-auto mx-auto [--thread-content-margin:var(--thread-content-margin-xs,calc(var(--spacing)*4))] @w-sm\/main:[--thread-content-margin:var(--thread-content-margin-sm,calc(var(--spacing)*6))] @w-lg\/main:[--thread-content-margin:var(--thread-content-margin-lg,calc(var(--spacing)*16))] px-(--thread-content-margin)\">\n<div class=\"[--thread-content-max-width:40rem] @w-lg\/main:[--thread-content-max-width:48rem] mx-auto max-w-(--thread-content-max-width) flex-1 group\/turn-messages focus-visible:outline-hidden relative flex w-full min-w-0 flex-col agent-turn\" data-conversation-screenshot-content=\"\">\n<div class=\"flex max-w-full flex-col gap-4 grow\">\n<div class=\"min-h-8 text-message relative flex w-full flex-col items-end gap-2 text-start break-words whitespace-normal outline-none keyboard-focused:focus-ring [.text-message+&amp;]:mt-1\" dir=\"auto\" data-message-author-role=\"assistant\" data-message-id=\"f3ec79b1-8056-4e45-a974-49d393c22835\" data-message-model-slug=\"gpt-5-5\">\n<div class=\"flex w-full flex-col gap-1 empty:hidden\">\n<div class=\"markdown prose dark:prose-invert wrap-break-word w-full light markdown-new-styling\">\n<p data-start=\"190\" data-end=\"427\">Peste 340 de produse susceptibile a fi contraf\u0103cute au fost ridicate de jandarmii gorjeni \u00een timpul unor controale desf\u0103\u0219urate la b\u00e2lciul anual \u201eNedeia de la Polovragi\u201d, \u00een cadrul ac\u021biunilor de prevenire \u0219i combatere a comer\u021bului ilegal. Potrivit Inspectoratului de Jandarmi Jude\u021bean \u201eTudor Vladimirescu\u201d Gorj, oamenii legii au depistat un comerciant din jude\u021bul Dolj care oferea spre v\u00e2nzare parfumuri, produse cosmetice \u0219i articole de \u00eembr\u0103c\u0103minte purt\u00e2nd \u00eensemnele unor m\u0103rci \u00eenregistrate.\u00a0\u00cen urma verific\u0103rilor, jandarmii au constatat c\u0103 produsele erau comercializate f\u0103r\u0103 documente care s\u0103 le ateste provenien\u021ba \u0219i autenticitatea, motiv pentru care au fost ridicate \u00een vederea confisc\u0103rii, exist\u00e2nd suspiciunea c\u0103 sunt contraf\u0103cute.<\/p>\n<p data-start=\"931\" data-end=\"1202\">Pe numele v\u00e2nz\u0103torului au fost \u00eentocmite acte de sesizare penal\u0103 pentru infrac\u021biunea de punere \u00een circula\u021bie a unor produse purt\u00e2nd o marc\u0103 identic\u0103 sau similar\u0103 cu o marc\u0103 \u00eenregistrat\u0103, dosarul fiind \u00eenaintat organelor de urm\u0103rire penal\u0103 pentru continuarea cercet\u0103rilor.<\/p>\n<\/div>\n<\/div>\n<\/div>\n<\/div>\n<\/div>\n<div class=\"[--thread-content-max-width:40rem] @w-lg\/main:[--thread-content-max-width:48rem] mx-auto max-w-(--thread-content-max-width) flex-1\" data-conversation-screenshot-content=\"\">\n<div><\/div>\n<\/div>\n<\/div>\n","protected":false},"excerpt":{"rendered":"<p class=\"text-justify mb-2\" >Peste 340 de produse susceptibile a fi contraf\u0103cute au fost ridicate de jandarmii gorjeni \u00een timpul unor controale desf\u0103\u0219urate la b\u00e2lciul anual \u201eNedeia de la Polovragi\u201d, \u00een cadrul ac\u021biunilor de prevenire \u0219i combatere a comer\u021bului ilegal. Potrivit Inspectoratului de Jandarmi Jude\u021bean \u201eTudor Vladimirescu\u201d Gorj, oamenii [&hellip;]<\/p>\n","protected":false},"author":2,"featured_media":7086,"comment_status":"open","ping_status":"open","sticky":false,"template":"","format":"standard","meta":{"footnotes":""},"categories":[13,4],"tags":[],"class_list":["post-7085","post","type-post","status-publish","format-standard","has-post-thumbnail","hentry","category-eveniment","category-ultima-ora"],"_links":{"self":[{"href":"https:\/\/radarmedia.ro\/index.php\/wp-json\/wp\/v2\/posts\/7085","targetHints":{"allow":["GET"]}}],"collection":[{"href":"https:\/\/radarmedia.ro\/index.php\/wp-json\/wp\/v2\/posts"}],"about":[{"href":"https:\/\/radarmedia.ro\/index.php\/wp-json\/wp\/v2\/types\/post"}],"author":[{"embeddable":true,"href":"https:\/\/radarmedia.ro\/index.php\/wp-json\/wp\/v2\/users\/2"}],"replies":[{"embeddable":true,"href":"https:\/\/radarmedia.ro\/index.php\/wp-json\/wp\/v2\/comments?post=7085"}],"version-history":[{"count":1,"href":"https:\/\/radarmedia.ro\/index.php\/wp-json\/wp\/v2\/posts\/7085\/revisions"}],"predecessor-version":[{"id":7087,"href":"https:\/\/radarmedia.ro\/index.php\/wp-json\/wp\/v2\/posts\/7085\/revisions\/7087"}],"wp:featuredmedia":[{"embeddable":true,"href":"https:\/\/radarmedia.ro\/index.php\/wp-json\/wp\/v2\/media\/7086"}],"wp:attachment":[{"href":"https:\/\/radarmedia.ro\/index.php\/wp-json\/wp\/v2\/media?parent=7085"}],"wp:term":[{"taxonomy":"category","embeddable":true,"href":"https:\/\/radarmedia.ro\/index.php\/wp-json\/wp\/v2\/categories?post=7085"},{"taxonomy":"post_tag","embeddable":true,"href":"https:\/\/radarmedia.ro\/index.php\/wp-json\/wp\/v2\/tags?post=7085"}],"curies":[{"name":"wp","href":"https:\/\/api.w.org\/{rel}","templated":true}]}}