{"id":7088,"date":"2026-07-17T11:35:32","date_gmt":"2026-07-17T08:35:32","guid":{"rendered":"https:\/\/radarmedia.ro\/?p=7088"},"modified":"2026-07-17T11:35:32","modified_gmt":"2026-07-17T08:35:32","slug":"gorjean-retinut-in-baza-unui-mandat-european-de-arestare-emis-de-autoritatile-din-tarile-de-jos","status":"publish","type":"post","link":"https:\/\/radarmedia.ro\/index.php\/2026\/07\/17\/gorjean-retinut-in-baza-unui-mandat-european-de-arestare-emis-de-autoritatile-din-tarile-de-jos\/","title":{"rendered":"Gorjean, re\u021binut \u00een baza unui mandat european de arestare, emis de autorit\u0103\u021bile din \u021a\u0103rile de Jos"},"content":{"rendered":"<p class=\"isSelectedEnd\">Poli\u021bi\u0219tii Serviciului de Investiga\u021bii Criminale din cadrul Inspectoratului de Poli\u021bie Jude\u021bean Gorj au pus \u00een executare, la 16 iulie, un mandat european de arestare emis de autorit\u0103\u021bile judiciare din \u021a\u0103rile de Jos pe numele unui b\u0103rbat de 36 de ani din jude\u021b.\u00a0Potrivit IPJ Gorj, acesta a fost depistat \u0219i prezentat procurorului din cadrul Parchetului de pe l\u00e2ng\u0103 Curtea de Apel Craiova, pentru parcurgerea procedurilor legale specifice.<\/p>\n<p>Ulterior, b\u0103rbatul a fost introdus \u00een Centrul de Re\u021binere \u0219i Arestare Preventiv\u0103 al IPJ Dolj, urm\u00e2nd s\u0103 fie dispuse m\u0103surile legale \u00een cadrul procedurii de executare a mandatului european de arestare.<\/p>\n","protected":false},"excerpt":{"rendered":"<p class=\"text-justify mb-2\" >Poli\u021bi\u0219tii Serviciului de Investiga\u021bii Criminale din cadrul Inspectoratului de Poli\u021bie Jude\u021bean Gorj au pus \u00een executare, la 16 iulie, un mandat european de arestare emis de autorit\u0103\u021bile judiciare din \u021a\u0103rile de Jos pe numele unui b\u0103rbat de 36 de ani din jude\u021b.\u00a0Potrivit IPJ Gorj, acesta [&hellip;]<\/p>\n","protected":false},"author":2,"featured_media":6091,"comment_status":"open","ping_status":"open","sticky":false,"template":"","format":"standard","meta":{"footnotes":""},"categories":[13,4],"tags":[],"class_list":["post-7088","post","type-post","status-publish","format-standard","has-post-thumbnail","hentry","category-eveniment","category-ultima-ora"],"_links":{"self":[{"href":"https:\/\/radarmedia.ro\/index.php\/wp-json\/wp\/v2\/posts\/7088","targetHints":{"allow":["GET"]}}],"collection":[{"href":"https:\/\/radarmedia.ro\/index.php\/wp-json\/wp\/v2\/posts"}],"about":[{"href":"https:\/\/radarmedia.ro\/index.php\/wp-json\/wp\/v2\/types\/post"}],"author":[{"embeddable":true,"href":"https:\/\/radarmedia.ro\/index.php\/wp-json\/wp\/v2\/users\/2"}],"replies":[{"embeddable":true,"href":"https:\/\/radarmedia.ro\/index.php\/wp-json\/wp\/v2\/comments?post=7088"}],"version-history":[{"count":1,"href":"https:\/\/radarmedia.ro\/index.php\/wp-json\/wp\/v2\/posts\/7088\/revisions"}],"predecessor-version":[{"id":7089,"href":"https:\/\/radarmedia.ro\/index.php\/wp-json\/wp\/v2\/posts\/7088\/revisions\/7089"}],"wp:featuredmedia":[{"embeddable":true,"href":"https:\/\/radarmedia.ro\/index.php\/wp-json\/wp\/v2\/media\/6091"}],"wp:attachment":[{"href":"https:\/\/radarmedia.ro\/index.php\/wp-json\/wp\/v2\/media?parent=7088"}],"wp:term":[{"taxonomy":"category","embeddable":true,"href":"https:\/\/radarmedia.ro\/index.php\/wp-json\/wp\/v2\/categories?post=7088"},{"taxonomy":"post_tag","embeddable":true,"href":"https:\/\/radarmedia.ro\/index.php\/wp-json\/wp\/v2\/tags?post=7088"}],"curies":[{"name":"wp","href":"https:\/\/api.w.org\/{rel}","templated":true}]}}