{"id":7092,"date":"2026-07-17T15:15:08","date_gmt":"2026-07-17T12:15:08","guid":{"rendered":"https:\/\/radarmedia.ro\/?p=7092"},"modified":"2026-07-17T15:15:08","modified_gmt":"2026-07-17T12:15:08","slug":"politia-a-extins-ancheta-in-cazul-exploziei-de-la-cariera-de-piatra-din-plesa-cercetari-privind-activitati-miniere-fara-licenta","status":"publish","type":"post","link":"https:\/\/radarmedia.ro\/index.php\/2026\/07\/17\/politia-a-extins-ancheta-in-cazul-exploziei-de-la-cariera-de-piatra-din-plesa-cercetari-privind-activitati-miniere-fara-licenta\/","title":{"rendered":"Poli\u021bia a extins ancheta \u00een cazul exploziei de la cariera de piatr\u0103 din Ple\u0219a. Cercet\u0103ri privind activit\u0103\u021bi miniere f\u0103r\u0103 licen\u021b\u0103"},"content":{"rendered":"<p class=\"isSelectedEnd\">Ancheta privind explozia produs\u0103 pe 14 iulie 2026 la cariera de piatr\u0103 din localitatea Ple\u0219a, soldat\u0103 cu importante pagube materiale, a fost extins\u0103 de poli\u021bi\u0219tii gorjeni.\u00a0Potrivit unui comunicat transmis vineri, de Inspectoratul de Poli\u021bie Jude\u021bean Gorj, oamenii legii efectueaz\u0103 cercet\u0103ri \u0219i sub aspectul s\u0103v\u00e2r\u0219irii infrac\u021biunii de executarea de activit\u0103\u021bi miniere f\u0103r\u0103 permis sau licen\u021b\u0103, fapt\u0103 prev\u0103zut\u0103 de Legea nr. 85\/2003. Reamintim c\u0103, \u00een 14 iulie, poli\u021bi\u0219tii din cadrul Poli\u021biei Ora\u0219ului Bumbe\u0219ti-Jiu au fost sesiza\u021bi cu privire la producerea unor distrugeri \u00een zona unei cariere din Ple\u0219a, \u00een urma unei activit\u0103\u021bi de dinamitare controlat\u0103.<\/p>\n<p class=\"isSelectedEnd\">Din cercet\u0103rile efectuate la fa\u021ba locului a reie\u0219it c\u0103, \u00een jurul orei 14:30, \u00een cadrul unei exploat\u0103ri miniere, o societate autorizat\u0103, subcontractat\u0103 pentru astfel de opera\u021biuni, a executat o lucrare de dinamitare controlat\u0103. \u00cen urma exploziei, mai multe roci desprinse de pe versantul unei exploat\u0103ri \u00eenvecinate au avariat un utilaj tip concasor \u0219i un autoturism aflat \u00een apropierea locului incidentului.\u00a0Poli\u021bi\u0219tii au precizat c\u0103 nu au existat victime, fiind \u00eenregistrate doar pagube materiale. Ini\u021bial, \u00een cauz\u0103 a fost deschis un dosar penal pentru distrugere din culp\u0103.<\/p>\n<p>Prin extinderea cercet\u0103rilor, anchetatorii verific\u0103 acum \u0219i dac\u0103 \u00een zon\u0103 au fost desf\u0103\u0219urate activit\u0103\u021bi miniere f\u0103r\u0103 permis sau licen\u021b\u0103, urm\u00e2nd s\u0103 stabileasc\u0103 toate \u00eemprejur\u0103rile producerii incidentului \u0219i s\u0103 dispun\u0103 m\u0103surile legale care se impun.<\/p>\n","protected":false},"excerpt":{"rendered":"<p class=\"text-justify mb-2\" >Ancheta privind explozia produs\u0103 pe 14 iulie 2026 la cariera de piatr\u0103 din localitatea Ple\u0219a, soldat\u0103 cu importante pagube materiale, a fost extins\u0103 de poli\u021bi\u0219tii gorjeni.\u00a0Potrivit unui comunicat transmis vineri, de Inspectoratul de Poli\u021bie Jude\u021bean Gorj, oamenii legii efectueaz\u0103 cercet\u0103ri \u0219i sub aspectul s\u0103v\u00e2r\u0219irii infrac\u021biunii [&hellip;]<\/p>\n","protected":false},"author":2,"featured_media":7095,"comment_status":"open","ping_status":"open","sticky":false,"template":"","format":"standard","meta":{"footnotes":""},"categories":[13,2,4],"tags":[],"class_list":["post-7092","post","type-post","status-publish","format-standard","has-post-thumbnail","hentry","category-eveniment","category-featured","category-ultima-ora"],"_links":{"self":[{"href":"https:\/\/radarmedia.ro\/index.php\/wp-json\/wp\/v2\/posts\/7092","targetHints":{"allow":["GET"]}}],"collection":[{"href":"https:\/\/radarmedia.ro\/index.php\/wp-json\/wp\/v2\/posts"}],"about":[{"href":"https:\/\/radarmedia.ro\/index.php\/wp-json\/wp\/v2\/types\/post"}],"author":[{"embeddable":true,"href":"https:\/\/radarmedia.ro\/index.php\/wp-json\/wp\/v2\/users\/2"}],"replies":[{"embeddable":true,"href":"https:\/\/radarmedia.ro\/index.php\/wp-json\/wp\/v2\/comments?post=7092"}],"version-history":[{"count":2,"href":"https:\/\/radarmedia.ro\/index.php\/wp-json\/wp\/v2\/posts\/7092\/revisions"}],"predecessor-version":[{"id":7096,"href":"https:\/\/radarmedia.ro\/index.php\/wp-json\/wp\/v2\/posts\/7092\/revisions\/7096"}],"wp:featuredmedia":[{"embeddable":true,"href":"https:\/\/radarmedia.ro\/index.php\/wp-json\/wp\/v2\/media\/7095"}],"wp:attachment":[{"href":"https:\/\/radarmedia.ro\/index.php\/wp-json\/wp\/v2\/media?parent=7092"}],"wp:term":[{"taxonomy":"category","embeddable":true,"href":"https:\/\/radarmedia.ro\/index.php\/wp-json\/wp\/v2\/categories?post=7092"},{"taxonomy":"post_tag","embeddable":true,"href":"https:\/\/radarmedia.ro\/index.php\/wp-json\/wp\/v2\/tags?post=7092"}],"curies":[{"name":"wp","href":"https:\/\/api.w.org\/{rel}","templated":true}]}}