{"id":7097,"date":"2026-07-18T11:56:42","date_gmt":"2026-07-18T08:56:42","guid":{"rendered":"https:\/\/radarmedia.ro\/?p=7097"},"modified":"2026-07-18T11:56:42","modified_gmt":"2026-07-18T08:56:42","slug":"doliu-in-cultura-gorjeana-profesorul-dr-ion-mocioi-a-trecut-in-eternitate-la-varsta-de-85-de-ani","status":"publish","type":"post","link":"https:\/\/radarmedia.ro\/index.php\/2026\/07\/18\/doliu-in-cultura-gorjeana-profesorul-dr-ion-mocioi-a-trecut-in-eternitate-la-varsta-de-85-de-ani\/","title":{"rendered":"Doliu \u00een cultura gorjean\u0103. Profesorul dr. Ion Mocioi a trecut \u00een eternitate, la v\u00e2rsta de 85 de ani"},"content":{"rendered":"<p class=\"isSelectedEnd\">Lumea cultural\u0103 din Gorj este \u00een doliu, dup\u0103 dispari\u021bia profesorului dr. Ion Mocioi, unul dintre cei mai importan\u021bi oameni de cultur\u0103 ai jude\u021bului \u0219i unul dintre cei mai longevivi cercet\u0103tori ai operei lui Constantin Br\u00e2ncu\u0219i.<\/p>\n<p class=\"isSelectedEnd\">Profesorul Ion Mocioi s-a stins din via\u021b\u0103 vineri seara, la v\u00e2rsta de 85 de ani, l\u0103s\u00e2nd \u00een urm\u0103 o oper\u0103 impresionant\u0103 \u0219i o activitate de peste \u0219ase decenii dedicat\u0103 culturii rom\u00e2ne\u0219ti. Critic de art\u0103, eseist, publicist \u0219i autor al numeroase volume consacrate lui Constantin Br\u00e2ncu\u0219i \u0219i patrimoniului cultural gorjean, Ion Mocioi a fost considerat o autoritate \u00een domeniul br\u00e2ncu\u0219iologiei.<\/p>\n<p class=\"isSelectedEnd\">P\u00e2n\u0103 \u00een ultimele zile ale vie\u021bii, acesta a r\u0103mas prezent \u00een via\u021ba cultural\u0103 a jude\u021bului, particip\u00e2nd la conferin\u021be, lans\u0103ri de carte \u0219i manifest\u0103ri dedicate marelui sculptor Constantin Br\u00e2ncu\u0219i, pe care l-a promovat cu consecven\u021b\u0103 at\u00e2t \u00een \u021bar\u0103, c\u00e2t \u0219i peste hotare.\u00a0Moartea sa a st\u00e2rnit numeroase mesaje de condolean\u021be din partea institu\u021biilor \u0219i organiza\u021biilor culturale.<\/p>\n<p class=\"isSelectedEnd\">Prin activitatea sa de profesor, cercet\u0103tor, critic de art\u0103 \u0219i publicist, Ion Mocioi a contribuit decisiv la promovarea valorilor culturale ale Gorjului \u0219i la aprofundarea operei lui Constantin Br\u00e2ncu\u0219i. A publicat zeci de volume, studii \u0219i articole, fiind unul dintre cei mai respecta\u021bi exege\u021bi ai crea\u021biei marelui sculptor.<\/p>\n<p>Dispari\u021bia sa las\u0103 un gol greu de acoperit \u00een cultura rom\u00e2neasc\u0103 \u0219i, \u00een mod special, \u00een via\u021ba cultural\u0103 a Gorjului, unde numele profesorului Ion Mocioi va r\u0103m\u00e2ne legat pentru totdeauna de cercetarea \u0219i promovarea patrimoniului br\u00e2ncu\u0219ian.<\/p>\n","protected":false},"excerpt":{"rendered":"<p class=\"text-justify mb-2\" >Lumea cultural\u0103 din Gorj este \u00een doliu, dup\u0103 dispari\u021bia profesorului dr. Ion Mocioi, unul dintre cei mai importan\u021bi oameni de cultur\u0103 ai jude\u021bului \u0219i unul dintre cei mai longevivi cercet\u0103tori ai operei lui Constantin Br\u00e2ncu\u0219i. Profesorul Ion Mocioi s-a stins din via\u021b\u0103 vineri seara, la [&hellip;]<\/p>\n","protected":false},"author":2,"featured_media":7098,"comment_status":"open","ping_status":"open","sticky":false,"template":"","format":"standard","meta":{"footnotes":""},"categories":[5,4],"tags":[],"class_list":["post-7097","post","type-post","status-publish","format-standard","has-post-thumbnail","hentry","category-actualitate","category-ultima-ora"],"_links":{"self":[{"href":"https:\/\/radarmedia.ro\/index.php\/wp-json\/wp\/v2\/posts\/7097","targetHints":{"allow":["GET"]}}],"collection":[{"href":"https:\/\/radarmedia.ro\/index.php\/wp-json\/wp\/v2\/posts"}],"about":[{"href":"https:\/\/radarmedia.ro\/index.php\/wp-json\/wp\/v2\/types\/post"}],"author":[{"embeddable":true,"href":"https:\/\/radarmedia.ro\/index.php\/wp-json\/wp\/v2\/users\/2"}],"replies":[{"embeddable":true,"href":"https:\/\/radarmedia.ro\/index.php\/wp-json\/wp\/v2\/comments?post=7097"}],"version-history":[{"count":1,"href":"https:\/\/radarmedia.ro\/index.php\/wp-json\/wp\/v2\/posts\/7097\/revisions"}],"predecessor-version":[{"id":7099,"href":"https:\/\/radarmedia.ro\/index.php\/wp-json\/wp\/v2\/posts\/7097\/revisions\/7099"}],"wp:featuredmedia":[{"embeddable":true,"href":"https:\/\/radarmedia.ro\/index.php\/wp-json\/wp\/v2\/media\/7098"}],"wp:attachment":[{"href":"https:\/\/radarmedia.ro\/index.php\/wp-json\/wp\/v2\/media?parent=7097"}],"wp:term":[{"taxonomy":"category","embeddable":true,"href":"https:\/\/radarmedia.ro\/index.php\/wp-json\/wp\/v2\/categories?post=7097"},{"taxonomy":"post_tag","embeddable":true,"href":"https:\/\/radarmedia.ro\/index.php\/wp-json\/wp\/v2\/tags?post=7097"}],"curies":[{"name":"wp","href":"https:\/\/api.w.org\/{rel}","templated":true}]}}