{"id":7103,"date":"2026-07-21T14:12:23","date_gmt":"2026-07-21T11:12:23","guid":{"rendered":"https:\/\/radarmedia.ro\/?p=7103"},"modified":"2026-07-21T14:12:23","modified_gmt":"2026-07-21T11:12:23","slug":"barbat-de-65-de-ani-mort-la-balciul-anual-din-stejari","status":"publish","type":"post","link":"https:\/\/radarmedia.ro\/index.php\/2026\/07\/21\/barbat-de-65-de-ani-mort-la-balciul-anual-din-stejari\/","title":{"rendered":"B\u0103rbat de 65 de ani, mort la b\u00e2lciul anual din Stejari"},"content":{"rendered":"<p class=\"isSelectedEnd\">Un b\u0103rbat de 65 de ani, din comuna Stejari, a murit luni, dup\u0103 ce i s-a f\u0103cut r\u0103u \u00een timpul b\u00e2lciului anual organizat \u00een localitate.\u00a0Potrivit Inspectoratului de Poli\u021bie Jude\u021bean Gorj, poli\u021bi\u0219tii au fost sesiza\u021bi prin apel la 112 c\u0103 unei persoane i s-a f\u0103cut r\u0103u \u00een zona \u00een care se desf\u0103\u0219ura evenimentul. Ajun\u0219i la fa\u021ba locului, oamenii legii au constatat c\u0103 b\u0103rbatul s-a pr\u0103bu\u0219it din picioare.\u00a0Un echipaj al Serviciului de Ambulan\u021b\u0103 Jude\u021bean Gorj a intervenit de urgen\u021b\u0103, \u00eens\u0103 medicii nu au mai putut face nimic pentru a-i salva via\u021ba, fiind declarat decesul.\u00a0Cadavrul nu prezenta urme vizibile de violen\u021b\u0103 \u0219i a fost transportat la Serviciul de Medicin\u0103 Legal\u0103 Gorj, unde va fi efectuat\u0103 necropsia pentru stabilirea cauzei decesului.<\/p>\n<p>Poli\u021bi\u0219tii au deschis un dosar penal pentru ucidere din culp\u0103, procedur\u0103 standard \u00een astfel de cazuri, cercet\u0103rile urm\u00e2nd s\u0103 stabileasc\u0103 toate \u00eemprejur\u0103rile \u00een care s-a produs decesul.<\/p>\n","protected":false},"excerpt":{"rendered":"<p class=\"text-justify mb-2\" >Un b\u0103rbat de 65 de ani, din comuna Stejari, a murit luni, dup\u0103 ce i s-a f\u0103cut r\u0103u \u00een timpul b\u00e2lciului anual organizat \u00een localitate.\u00a0Potrivit Inspectoratului de Poli\u021bie Jude\u021bean Gorj, poli\u021bi\u0219tii au fost sesiza\u021bi prin apel la 112 c\u0103 unei persoane i s-a f\u0103cut r\u0103u [&hellip;]<\/p>\n","protected":false},"author":2,"featured_media":124,"comment_status":"open","ping_status":"open","sticky":false,"template":"","format":"standard","meta":{"footnotes":""},"categories":[13,4],"tags":[],"class_list":["post-7103","post","type-post","status-publish","format-standard","has-post-thumbnail","hentry","category-eveniment","category-ultima-ora"],"_links":{"self":[{"href":"https:\/\/radarmedia.ro\/index.php\/wp-json\/wp\/v2\/posts\/7103","targetHints":{"allow":["GET"]}}],"collection":[{"href":"https:\/\/radarmedia.ro\/index.php\/wp-json\/wp\/v2\/posts"}],"about":[{"href":"https:\/\/radarmedia.ro\/index.php\/wp-json\/wp\/v2\/types\/post"}],"author":[{"embeddable":true,"href":"https:\/\/radarmedia.ro\/index.php\/wp-json\/wp\/v2\/users\/2"}],"replies":[{"embeddable":true,"href":"https:\/\/radarmedia.ro\/index.php\/wp-json\/wp\/v2\/comments?post=7103"}],"version-history":[{"count":1,"href":"https:\/\/radarmedia.ro\/index.php\/wp-json\/wp\/v2\/posts\/7103\/revisions"}],"predecessor-version":[{"id":7104,"href":"https:\/\/radarmedia.ro\/index.php\/wp-json\/wp\/v2\/posts\/7103\/revisions\/7104"}],"wp:featuredmedia":[{"embeddable":true,"href":"https:\/\/radarmedia.ro\/index.php\/wp-json\/wp\/v2\/media\/124"}],"wp:attachment":[{"href":"https:\/\/radarmedia.ro\/index.php\/wp-json\/wp\/v2\/media?parent=7103"}],"wp:term":[{"taxonomy":"category","embeddable":true,"href":"https:\/\/radarmedia.ro\/index.php\/wp-json\/wp\/v2\/categories?post=7103"},{"taxonomy":"post_tag","embeddable":true,"href":"https:\/\/radarmedia.ro\/index.php\/wp-json\/wp\/v2\/tags?post=7103"}],"curies":[{"name":"wp","href":"https:\/\/api.w.org\/{rel}","templated":true}]}}