{"id":7105,"date":"2026-07-21T14:22:49","date_gmt":"2026-07-21T11:22:49","guid":{"rendered":"https:\/\/radarmedia.ro\/?p=7105"},"modified":"2026-07-21T14:22:49","modified_gmt":"2026-07-21T11:22:49","slug":"sofer-prins-cu-130-km-h-in-targu-jiu-a-ramas-fara-permis-pentru-120-de-zile","status":"publish","type":"post","link":"https:\/\/radarmedia.ro\/index.php\/2026\/07\/21\/sofer-prins-cu-130-km-h-in-targu-jiu-a-ramas-fara-permis-pentru-120-de-zile\/","title":{"rendered":"\u0218ofer prins cu 130 km\/h \u00een T\u00e2rgu Jiu. A r\u0103mas f\u0103r\u0103 permis pentru 120 de zile"},"content":{"rendered":"<p class=\"isSelectedEnd\">Poli\u021bi\u0219tii rutieri din T\u00e2rgu Jiu au sanc\u021bionat un t\u00e2n\u0103r de 22 de ani care a fost surprins conduc\u00e2nd cu 130 km\/h pe strada Victoriei, unde viteza maxim\u0103 admis\u0103 este de 50 km\/h.\u00a0Incidentul s-a petrecut \u00een noaptea de 20 iulie, \u00een jurul orei 01:40, c\u00e2nd aparatul radar al Biroului Rutier a \u00eenregistrat autoturismul circul\u00e2nd cu 80 km\/h peste limita legal\u0103. \u0218oferul de\u021bine un permis de conducere emis de autorit\u0103\u021bile din Marea Britanie.<\/p>\n<p class=\"isSelectedEnd\">Pentru abaterea comis\u0103, acesta a fost amendat cu 4.325 de lei, iar permisul de conducere i-a fost suspendat pentru 120 de zile. Poli\u021bi\u0219tii i-au eliberat o dovad\u0103 \u00eenlocuitoare f\u0103r\u0103 drept de circula\u021bie.\u00a0Oamenii legii atrag aten\u021bia c\u0103 viteza excesiv\u0103 continu\u0103 s\u0103 fie una dintre principalele cauze ale accidentelor grave \u0219i le recomand\u0103 \u0219oferilor s\u0103 adapteze permanent viteza la limitele legale \u0219i la condi\u021biile de trafic.<\/p>\n","protected":false},"excerpt":{"rendered":"<p class=\"text-justify mb-2\" >Poli\u021bi\u0219tii rutieri din T\u00e2rgu Jiu au sanc\u021bionat un t\u00e2n\u0103r de 22 de ani care a fost surprins conduc\u00e2nd cu 130 km\/h pe strada Victoriei, unde viteza maxim\u0103 admis\u0103 este de 50 km\/h.\u00a0Incidentul s-a petrecut \u00een noaptea de 20 iulie, \u00een jurul orei 01:40, c\u00e2nd aparatul [&hellip;]<\/p>\n","protected":false},"author":2,"featured_media":7106,"comment_status":"open","ping_status":"open","sticky":false,"template":"","format":"standard","meta":{"footnotes":""},"categories":[13,4],"tags":[],"class_list":["post-7105","post","type-post","status-publish","format-standard","has-post-thumbnail","hentry","category-eveniment","category-ultima-ora"],"_links":{"self":[{"href":"https:\/\/radarmedia.ro\/index.php\/wp-json\/wp\/v2\/posts\/7105","targetHints":{"allow":["GET"]}}],"collection":[{"href":"https:\/\/radarmedia.ro\/index.php\/wp-json\/wp\/v2\/posts"}],"about":[{"href":"https:\/\/radarmedia.ro\/index.php\/wp-json\/wp\/v2\/types\/post"}],"author":[{"embeddable":true,"href":"https:\/\/radarmedia.ro\/index.php\/wp-json\/wp\/v2\/users\/2"}],"replies":[{"embeddable":true,"href":"https:\/\/radarmedia.ro\/index.php\/wp-json\/wp\/v2\/comments?post=7105"}],"version-history":[{"count":1,"href":"https:\/\/radarmedia.ro\/index.php\/wp-json\/wp\/v2\/posts\/7105\/revisions"}],"predecessor-version":[{"id":7107,"href":"https:\/\/radarmedia.ro\/index.php\/wp-json\/wp\/v2\/posts\/7105\/revisions\/7107"}],"wp:featuredmedia":[{"embeddable":true,"href":"https:\/\/radarmedia.ro\/index.php\/wp-json\/wp\/v2\/media\/7106"}],"wp:attachment":[{"href":"https:\/\/radarmedia.ro\/index.php\/wp-json\/wp\/v2\/media?parent=7105"}],"wp:term":[{"taxonomy":"category","embeddable":true,"href":"https:\/\/radarmedia.ro\/index.php\/wp-json\/wp\/v2\/categories?post=7105"},{"taxonomy":"post_tag","embeddable":true,"href":"https:\/\/radarmedia.ro\/index.php\/wp-json\/wp\/v2\/tags?post=7105"}],"curies":[{"name":"wp","href":"https:\/\/api.w.org\/{rel}","templated":true}]}}