{"id":7108,"date":"2026-07-23T08:00:30","date_gmt":"2026-07-23T05:00:30","guid":{"rendered":"https:\/\/radarmedia.ro\/?p=7108"},"modified":"2026-07-23T08:01:48","modified_gmt":"2026-07-23T05:01:48","slug":"drumetie-la-sura-haiducilor-organizata-de-salvamont-gorj-locurile-sunt-limitate","status":"publish","type":"post","link":"https:\/\/radarmedia.ro\/index.php\/2026\/07\/23\/drumetie-la-sura-haiducilor-organizata-de-salvamont-gorj-locurile-sunt-limitate\/","title":{"rendered":"Drume\u021bie la \u0218ura Haiducilor, organizat\u0103 de Salvamont Gorj. Locurile sunt limitate"},"content":{"rendered":"<p class=\"isSelectedEnd\">Serviciul Public Jude\u021bean Salvamont Gorj organizeaz\u0103, pe 1 august, o drume\u021bie la \u0218ura Haiducilor,\u00a0unul dintre cele mai spectaculoase monumente naturale din Mun\u021bii Par\u00e2ng.\u00a0Evenimentul va avea loc s\u00e2mb\u0103t\u0103, 1 august, \u0219i se adreseaz\u0103 tuturor iubitorilor de natur\u0103, indiferent de experien\u021ba \u00een drume\u021bii. Participan\u021bii vor parcurge traseul al\u0103turi de salvamonti\u0219ti, care vor asigura \u00eendrumarea \u0219i siguran\u021ba grupului pe \u00eentreaga durat\u0103 a excursiei.<\/p>\n<p class=\"isSelectedEnd\">Pentru cei \u00eenscri\u0219i este pus la dispozi\u021bie transport gratuit din T\u00e2rgu Jiu, \u00een limita a 50 de locuri, ocupate \u00een ordinea \u00eenscrierii. Cei care doresc pot ajunge la punctul de plecare \u0219i cu autoturismele personale.<\/p>\n<p class=\"isSelectedEnd\">\u00censcrierile se fac p\u00e2n\u0103 la data de 29 iulie, la num\u0103rul de telefon 0253 222 555, de luni p\u00e2n\u0103 vineri, \u00eentre orele 09:00 \u0219i 15:00.\u00a0Organizatorii \u00eei \u00eencurajeaz\u0103 pe gorjeni s\u0103 participe al\u0103turi de familie \u0219i prieteni pentru a petrece o zi \u00een mijlocul naturii \u0219i pentru a descoperi frumuse\u021bea Mun\u021bilor Par\u00e2ng \u00eentr-un cadru organizat \u0219i \u00een condi\u021bii de siguran\u021b\u0103.<\/p>\n","protected":false},"excerpt":{"rendered":"<p class=\"text-justify mb-2\" >Serviciul Public Jude\u021bean Salvamont Gorj organizeaz\u0103, pe 1 august, o drume\u021bie la \u0218ura Haiducilor,\u00a0unul dintre cele mai spectaculoase monumente naturale din Mun\u021bii Par\u00e2ng.\u00a0Evenimentul va avea loc s\u00e2mb\u0103t\u0103, 1 august, \u0219i se adreseaz\u0103 tuturor iubitorilor de natur\u0103, indiferent de experien\u021ba \u00een drume\u021bii. Participan\u021bii vor parcurge traseul [&hellip;]<\/p>\n","protected":false},"author":2,"featured_media":0,"comment_status":"open","ping_status":"open","sticky":false,"template":"","format":"standard","meta":{"footnotes":""},"categories":[5,4],"tags":[],"class_list":["post-7108","post","type-post","status-publish","format-standard","hentry","category-actualitate","category-ultima-ora"],"_links":{"self":[{"href":"https:\/\/radarmedia.ro\/index.php\/wp-json\/wp\/v2\/posts\/7108","targetHints":{"allow":["GET"]}}],"collection":[{"href":"https:\/\/radarmedia.ro\/index.php\/wp-json\/wp\/v2\/posts"}],"about":[{"href":"https:\/\/radarmedia.ro\/index.php\/wp-json\/wp\/v2\/types\/post"}],"author":[{"embeddable":true,"href":"https:\/\/radarmedia.ro\/index.php\/wp-json\/wp\/v2\/users\/2"}],"replies":[{"embeddable":true,"href":"https:\/\/radarmedia.ro\/index.php\/wp-json\/wp\/v2\/comments?post=7108"}],"version-history":[{"count":3,"href":"https:\/\/radarmedia.ro\/index.php\/wp-json\/wp\/v2\/posts\/7108\/revisions"}],"predecessor-version":[{"id":7112,"href":"https:\/\/radarmedia.ro\/index.php\/wp-json\/wp\/v2\/posts\/7108\/revisions\/7112"}],"wp:attachment":[{"href":"https:\/\/radarmedia.ro\/index.php\/wp-json\/wp\/v2\/media?parent=7108"}],"wp:term":[{"taxonomy":"category","embeddable":true,"href":"https:\/\/radarmedia.ro\/index.php\/wp-json\/wp\/v2\/categories?post=7108"},{"taxonomy":"post_tag","embeddable":true,"href":"https:\/\/radarmedia.ro\/index.php\/wp-json\/wp\/v2\/tags?post=7108"}],"curies":[{"name":"wp","href":"https:\/\/api.w.org\/{rel}","templated":true}]}}