{"id":7113,"date":"2026-07-23T08:10:27","date_gmt":"2026-07-23T05:10:27","guid":{"rendered":"https:\/\/radarmedia.ro\/?p=7113"},"modified":"2026-07-23T08:10:27","modified_gmt":"2026-07-23T05:10:27","slug":"furtuna-a-doborat-mai-multi-copaci-in-targu-jiu-masini-avariate","status":"publish","type":"post","link":"https:\/\/radarmedia.ro\/index.php\/2026\/07\/23\/furtuna-a-doborat-mai-multi-copaci-in-targu-jiu-masini-avariate\/","title":{"rendered":"Furtuna a dobor\u00e2t mai mul\u021bi copaci \u00een T\u00e2rgu Jiu. Ma\u0219ini avariate"},"content":{"rendered":"<p class=\"isSelectedEnd\">Furtuna puternic\u0103 de miercuri sear\u0103 a provocat mai multe probleme \u00een municipiul T\u00e2rgu Jiu, unde rafalele de v\u00e2nt au dobor\u00e2t arbori \u0219i au avariat autoturisme. Cele mai importante incidente au fost \u00eenregistrate \u00een mai multe cartiere ale ora\u0219ului, unde copaci rup\u021bi de v\u00e2nt au c\u0103zut peste ma\u0219ini parcate, provoc\u00e2nd pagube materiale. \u00cen unele zone, arborii au blocat temporar carosabilul \u0219i trotuarele, fiind necesar\u0103 interven\u021bia echipajelor de pompieri pentru degajarea acestora.<\/p>\n<p class=\"isSelectedEnd\">Pompierii Inspectoratului pentru Situa\u021bii de Urgen\u021b\u0103 Gorj au intervenit \u00een mai multe puncte din municipiu pentru \u00eendep\u0103rtarea copacilor c\u0103zu\u021bi \u0219i \u00eenl\u0103turarea pericolelor create de vremea sever\u0103.\u00a0Furtuna a fost \u00eenso\u021bit\u0103 de intensific\u0103ri puternice ale v\u00e2ntului \u0219i ploi toren\u021biale.<\/p>\n","protected":false},"excerpt":{"rendered":"<p class=\"text-justify mb-2\" >Furtuna puternic\u0103 de miercuri sear\u0103 a provocat mai multe probleme \u00een municipiul T\u00e2rgu Jiu, unde rafalele de v\u00e2nt au dobor\u00e2t arbori \u0219i au avariat autoturisme. Cele mai importante incidente au fost \u00eenregistrate \u00een mai multe cartiere ale ora\u0219ului, unde copaci rup\u021bi de v\u00e2nt au c\u0103zut [&hellip;]<\/p>\n","protected":false},"author":2,"featured_media":7114,"comment_status":"open","ping_status":"open","sticky":false,"template":"","format":"standard","meta":{"footnotes":""},"categories":[13,4],"tags":[],"class_list":["post-7113","post","type-post","status-publish","format-standard","has-post-thumbnail","hentry","category-eveniment","category-ultima-ora"],"_links":{"self":[{"href":"https:\/\/radarmedia.ro\/index.php\/wp-json\/wp\/v2\/posts\/7113","targetHints":{"allow":["GET"]}}],"collection":[{"href":"https:\/\/radarmedia.ro\/index.php\/wp-json\/wp\/v2\/posts"}],"about":[{"href":"https:\/\/radarmedia.ro\/index.php\/wp-json\/wp\/v2\/types\/post"}],"author":[{"embeddable":true,"href":"https:\/\/radarmedia.ro\/index.php\/wp-json\/wp\/v2\/users\/2"}],"replies":[{"embeddable":true,"href":"https:\/\/radarmedia.ro\/index.php\/wp-json\/wp\/v2\/comments?post=7113"}],"version-history":[{"count":1,"href":"https:\/\/radarmedia.ro\/index.php\/wp-json\/wp\/v2\/posts\/7113\/revisions"}],"predecessor-version":[{"id":7115,"href":"https:\/\/radarmedia.ro\/index.php\/wp-json\/wp\/v2\/posts\/7113\/revisions\/7115"}],"wp:featuredmedia":[{"embeddable":true,"href":"https:\/\/radarmedia.ro\/index.php\/wp-json\/wp\/v2\/media\/7114"}],"wp:attachment":[{"href":"https:\/\/radarmedia.ro\/index.php\/wp-json\/wp\/v2\/media?parent=7113"}],"wp:term":[{"taxonomy":"category","embeddable":true,"href":"https:\/\/radarmedia.ro\/index.php\/wp-json\/wp\/v2\/categories?post=7113"},{"taxonomy":"post_tag","embeddable":true,"href":"https:\/\/radarmedia.ro\/index.php\/wp-json\/wp\/v2\/tags?post=7113"}],"curies":[{"name":"wp","href":"https:\/\/api.w.org\/{rel}","templated":true}]}}