{"id":7116,"date":"2026-07-23T08:34:14","date_gmt":"2026-07-23T05:34:14","guid":{"rendered":"https:\/\/radarmedia.ro\/?p=7116"},"modified":"2026-07-23T08:34:14","modified_gmt":"2026-07-23T05:34:14","slug":"au-inceput-lucrarile-de-modernizare-a-drumului-judetean-675a-in-balanesti","status":"publish","type":"post","link":"https:\/\/radarmedia.ro\/index.php\/2026\/07\/23\/au-inceput-lucrarile-de-modernizare-a-drumului-judetean-675a-in-balanesti\/","title":{"rendered":"Au \u00eenceput lucr\u0103rile de modernizare a drumului jude\u021bean 675A, \u00een B\u0103l\u0103ne\u0219ti"},"content":{"rendered":"<p class=\"isSelectedEnd\">Lucr\u0103rile de reabilitare \u0219i modernizare a drumului jude\u021bean DJ 675A, principala arter\u0103 rutier\u0103 care traverseaz\u0103 comuna B\u0103l\u0103ne\u0219ti, au \u00eenceput \u00een aceast\u0103 perioad\u0103. Anun\u021bul a fost f\u0103cut de primarul Ovidiu Pungan, care a precizat c\u0103 investi\u021bia este una dintre cele mai importante pentru localitate.\u00a0Edilul a declarat c\u0103 proiectul este finan\u021bat prin Programul Na\u021bional \u201eAnghel Saligny\u201d, iar durata estimat\u0103 de execu\u021bie este de aproximativ doi ani, \u00een func\u021bie de ritmul aloc\u0103rii fondurilor. La finalul lucr\u0103rilor, drumul va fi reabilitat \u0219i modernizat pe \u00eentregul sector cuprins \u00een proiect.\u00a0Primarul comunei B\u0103l\u0103ne\u0219ti a afirmat c\u0103 \u00eenceperea lucr\u0103rilor reprezint\u0103 un pas important pentru \u00eembun\u0103t\u0103\u021birea infrastructurii rutiere din localitate \u0219i a mul\u021bumit Consiliului Jude\u021bean Gorj pentru sprijinul acordat \u00een realizarea investi\u021biei. \u201d<span class=\"cursor-pointer group\" title=\"Reda\u021bi \u00eencep\u00e2nd de la 0:33\"><span class=\"group-hover:bg-base-200 rounded p-0.5 -m-0.5\" data-start=\"33080\" data-end=\"46080\">Unul din cele mai importante proiecte pentru localitate care a \u00eenceput cu c\u00e2teva zile \u00een urm\u0103 este reabilitarea \u0219i modernizarea drumului jude\u021bean 615A.<\/span><\/span> <span class=\"cursor-pointer group\" title=\"Reda\u021bi \u00eencep\u00e2nd de la 0:46\"><span class=\"group-hover:bg-base-200 rounded p-0.5 -m-0.5\" data-start=\"46240\" data-end=\"50800\">Cel mai important drum care traverseaz\u0103 localitatea dintr-o parte \u00een alta. <\/span><\/span><span class=\"cursor-pointer group\" title=\"Reda\u021bi \u00eencep\u00e2nd de la 0:51\"><span class=\"group-hover:bg-base-200 rounded p-0.5 -m-0.5\" data-start=\"50800\" data-end=\"57220\">\u0218i pe aceasta le doresc s\u0103 aduc \u00eenc\u0103 o dat\u0103 mul\u021bumiri domnului pre\u0219edinte al Consiliului Jude\u021bean, Cosmin Popescu,<\/span><\/span><span class=\"opacity-80 text-sm\" data-timestamp=\"\">\u00a0<\/span><span class=\"cursor-pointer group\" title=\"Reda\u021bi \u00eencep\u00e2nd de la 0:57\"><span class=\"group-hover:bg-base-200 rounded p-0.5 -m-0.5\" data-start=\"57400\" data-end=\"69300\">c\u00e2t \u0219i echipei dumnealui de la drumurile jude\u021bene, cei care au participat \u0219i au g\u0103sit solu\u021bia ca acest sector de drum<\/span><\/span><span class=\"cursor-pointer group\" title=\"Reda\u021bi \u00eencep\u00e2nd de la 1:09\"><span class=\"group-hover:bg-base-200 rounded p-0.5 -m-0.5\" data-start=\"69420\" data-end=\"73760\">jude\u021bean s\u0103 fie reabilitat \u0219i modernizat.<\/span><\/span> <span class=\"cursor-pointer group\" title=\"Reda\u021bi \u00eencep\u00e2nd de la 1:14\"><span class=\"group-hover:bg-base-200 rounded p-0.5 -m-0.5\" data-start=\"73760\" data-end=\"79120\">M\u0103 bucur c\u0103 lucrurile au \u00eenceput \u0219i prin Programul Na\u021bional Anghel Saligny.<\/span><\/span><span class=\"opacity-80 text-sm\" data-timestamp=\"\">\u00a0<\/span><span class=\"cursor-pointer group\" title=\"Reda\u021bi \u00eencep\u00e2nd de la 1:19\"><span class=\"group-hover:bg-base-200 rounded p-0.5 -m-0.5\" data-start=\"79260\" data-end=\"87000\">\u00cen func\u021bie de banii care vor fi aloca\u021bi, sper \u0219i \u00eemi doresc ca societatea care lucreaz\u0103 pe aceast\u0103 investi\u021bie<\/span><\/span><span class=\"opacity-80 text-sm\" data-timestamp=\"\">\u00a0<\/span><span class=\"cursor-pointer group\" title=\"Reda\u021bi \u00eencep\u00e2nd de la 1:27\"><span class=\"group-hover:bg-base-200 rounded p-0.5 -m-0.5\" data-start=\"87160\" data-end=\"96760\">s\u0103 se \u00eencadreze \u00een termenul de finalizare \u0219i sper c\u0103 \u00een 2 ani de zile acest sector de drum s\u0103 fie reabilitat \u0219i modernizat<\/span><\/span>\u201d, a declarat Ovidiu Pungan.<\/p>\n<p>&nbsp;<\/p>\n","protected":false},"excerpt":{"rendered":"<p class=\"text-justify mb-2\" >Lucr\u0103rile de reabilitare \u0219i modernizare a drumului jude\u021bean DJ 675A, principala arter\u0103 rutier\u0103 care traverseaz\u0103 comuna B\u0103l\u0103ne\u0219ti, au \u00eenceput \u00een aceast\u0103 perioad\u0103. Anun\u021bul a fost f\u0103cut de primarul Ovidiu Pungan, care a precizat c\u0103 investi\u021bia este una dintre cele mai importante pentru localitate.\u00a0Edilul a declarat [&hellip;]<\/p>\n","protected":false},"author":2,"featured_media":2003,"comment_status":"open","ping_status":"open","sticky":false,"template":"","format":"standard","meta":{"footnotes":""},"categories":[5,4],"tags":[],"class_list":["post-7116","post","type-post","status-publish","format-standard","has-post-thumbnail","hentry","category-actualitate","category-ultima-ora"],"_links":{"self":[{"href":"https:\/\/radarmedia.ro\/index.php\/wp-json\/wp\/v2\/posts\/7116","targetHints":{"allow":["GET"]}}],"collection":[{"href":"https:\/\/radarmedia.ro\/index.php\/wp-json\/wp\/v2\/posts"}],"about":[{"href":"https:\/\/radarmedia.ro\/index.php\/wp-json\/wp\/v2\/types\/post"}],"author":[{"embeddable":true,"href":"https:\/\/radarmedia.ro\/index.php\/wp-json\/wp\/v2\/users\/2"}],"replies":[{"embeddable":true,"href":"https:\/\/radarmedia.ro\/index.php\/wp-json\/wp\/v2\/comments?post=7116"}],"version-history":[{"count":1,"href":"https:\/\/radarmedia.ro\/index.php\/wp-json\/wp\/v2\/posts\/7116\/revisions"}],"predecessor-version":[{"id":7117,"href":"https:\/\/radarmedia.ro\/index.php\/wp-json\/wp\/v2\/posts\/7116\/revisions\/7117"}],"wp:featuredmedia":[{"embeddable":true,"href":"https:\/\/radarmedia.ro\/index.php\/wp-json\/wp\/v2\/media\/2003"}],"wp:attachment":[{"href":"https:\/\/radarmedia.ro\/index.php\/wp-json\/wp\/v2\/media?parent=7116"}],"wp:term":[{"taxonomy":"category","embeddable":true,"href":"https:\/\/radarmedia.ro\/index.php\/wp-json\/wp\/v2\/categories?post=7116"},{"taxonomy":"post_tag","embeddable":true,"href":"https:\/\/radarmedia.ro\/index.php\/wp-json\/wp\/v2\/tags?post=7116"}],"curies":[{"name":"wp","href":"https:\/\/api.w.org\/{rel}","templated":true}]}}