{"id":7118,"date":"2026-07-29T14:46:41","date_gmt":"2026-07-29T11:46:41","guid":{"rendered":"https:\/\/radarmedia.ro\/?p=7118"},"modified":"2026-07-29T14:46:41","modified_gmt":"2026-07-29T11:46:41","slug":"primaria-balanesti-va-produce-energie-din-surse-regenerabile-pentru-consumul-propriu-licitatie-pentru-un-parc-fotovoltaic","status":"publish","type":"post","link":"https:\/\/radarmedia.ro\/index.php\/2026\/07\/29\/primaria-balanesti-va-produce-energie-din-surse-regenerabile-pentru-consumul-propriu-licitatie-pentru-un-parc-fotovoltaic\/","title":{"rendered":"Prim\u0103ria B\u0103l\u0103ne\u0219ti va produce energie din surse regenerabile pentru consumul propriu. Licita\u021bie pentru un parc fotovoltaic"},"content":{"rendered":"<p class=\"isSelectedEnd\">Comuna B\u0103l\u0103ne\u0219ti face un nou pas c\u0103tre independen\u021ba energetic\u0103. Primarul Ovidiu Pungan a anun\u021bat c\u0103 \u00een satul Voite\u0219tii din Deal va fi amenajat un parc fotovoltaic destinat consumului propriu al administra\u021biei locale.\u00a0Edilul spune c\u0103 investi\u021bia va reduce costurile cu energia electric\u0103 pentru institu\u021biile publice din comun\u0103 \u0219i va contribui la eficientizarea cheltuielilor din bugetul local.<\/p>\n<p class=\"isSelectedEnd\">\u201eLa B\u0103l\u0103ne\u0219ti, \u00een satul Voite\u0219tii din Deal, va fi realizat un parc fotovoltaic pentru consumul propriu al autorit\u0103\u021bii locale\u201d, a declarat Ovidiu Pungan.<\/p>\n<p class=\"isSelectedEnd\">Primarul are \u00een vedere \u0219i o etap\u0103 suplimentar\u0103 a proiectului, care s\u0103 permit\u0103 stocarea energiei produse.\u00a0\u201e\u00cemi doresc s\u0103 amplas\u0103m \u0219i baterii de stocare, astfel \u00eenc\u00e2t energia produs\u0103 s\u0103 poat\u0103 fi folosit\u0103 c\u00e2t mai eficient\u201d, a precizat edilul.\u00a0Potrivit acestuia, investi\u021bia face parte din strategia administra\u021biei locale de reducere a costurilor cu utilit\u0103\u021bile \u0219i de valorificare a energiei din surse regenerabile.<\/p>\n","protected":false},"excerpt":{"rendered":"<p class=\"text-justify mb-2\" >Comuna B\u0103l\u0103ne\u0219ti face un nou pas c\u0103tre independen\u021ba energetic\u0103. Primarul Ovidiu Pungan a anun\u021bat c\u0103 \u00een satul Voite\u0219tii din Deal va fi amenajat un parc fotovoltaic destinat consumului propriu al administra\u021biei locale.\u00a0Edilul spune c\u0103 investi\u021bia va reduce costurile cu energia electric\u0103 pentru institu\u021biile publice din [&hellip;]<\/p>\n","protected":false},"author":2,"featured_media":7139,"comment_status":"open","ping_status":"open","sticky":false,"template":"","format":"standard","meta":{"footnotes":""},"categories":[5,4],"tags":[],"class_list":["post-7118","post","type-post","status-publish","format-standard","has-post-thumbnail","hentry","category-actualitate","category-ultima-ora"],"_links":{"self":[{"href":"https:\/\/radarmedia.ro\/index.php\/wp-json\/wp\/v2\/posts\/7118","targetHints":{"allow":["GET"]}}],"collection":[{"href":"https:\/\/radarmedia.ro\/index.php\/wp-json\/wp\/v2\/posts"}],"about":[{"href":"https:\/\/radarmedia.ro\/index.php\/wp-json\/wp\/v2\/types\/post"}],"author":[{"embeddable":true,"href":"https:\/\/radarmedia.ro\/index.php\/wp-json\/wp\/v2\/users\/2"}],"replies":[{"embeddable":true,"href":"https:\/\/radarmedia.ro\/index.php\/wp-json\/wp\/v2\/comments?post=7118"}],"version-history":[{"count":2,"href":"https:\/\/radarmedia.ro\/index.php\/wp-json\/wp\/v2\/posts\/7118\/revisions"}],"predecessor-version":[{"id":7140,"href":"https:\/\/radarmedia.ro\/index.php\/wp-json\/wp\/v2\/posts\/7118\/revisions\/7140"}],"wp:featuredmedia":[{"embeddable":true,"href":"https:\/\/radarmedia.ro\/index.php\/wp-json\/wp\/v2\/media\/7139"}],"wp:attachment":[{"href":"https:\/\/radarmedia.ro\/index.php\/wp-json\/wp\/v2\/media?parent=7118"}],"wp:term":[{"taxonomy":"category","embeddable":true,"href":"https:\/\/radarmedia.ro\/index.php\/wp-json\/wp\/v2\/categories?post=7118"},{"taxonomy":"post_tag","embeddable":true,"href":"https:\/\/radarmedia.ro\/index.php\/wp-json\/wp\/v2\/tags?post=7118"}],"curies":[{"name":"wp","href":"https:\/\/api.w.org\/{rel}","templated":true}]}}