{"id":712,"date":"2021-06-22T14:01:02","date_gmt":"2021-06-22T11:01:02","guid":{"rendered":"http:\/\/radarmedia.ro\/?p=712"},"modified":"2021-06-22T14:07:53","modified_gmt":"2021-06-22T11:07:53","slug":"reguli-noi-de-circulatie-intr-un-cartier-din-targu-jiu","status":"publish","type":"post","link":"https:\/\/radarmedia.ro\/index.php\/2021\/06\/22\/reguli-noi-de-circulatie-intr-un-cartier-din-targu-jiu\/","title":{"rendered":"Reguli noi de circula\u021bie, \u00eentr-un cartier din T\u00e2rgu Jiu"},"content":{"rendered":"<p>Se schimb\u0103 regulile de circula\u021bie, \u00eentr-un cartier din centrul municipiului T\u00e2rgu Jiu. Noile reguli vor intra \u00een vigoare week-endul viitor. &#8222;Prim\u0103ria Municipiului T\u00e2rgu Jiu anun\u021b\u0103 cet\u0103\u021benii c\u0103, \u00eencep\u00e2nd de s\u00e2mb\u0103t\u0103, 26 iunie, accesul \u00een cartierul din strada Unirii se va face dup\u0103 cum urmeaz\u0103:<\/p>\n<p>&#8211; autoturismele vor intra \u00een cartier din strada Unirii, prin primele dou\u0103 alei de la pasarel\u0103 c\u0103tre centru (situate \u00eentre blocurile 10 \u0219i 23, respectiv 23 \u0219i 19)<\/p>\n<p>&#8211; ie\u0219irea din cartier se va face prin ultimele dou\u0103 alei, situate \u00eentre blocurile 19 \u0219i 17, respectiv 17 \u0219i 1.<\/p>\n<p>In zonele respective sunt amplasate indicatoare rutiere cu semnifica\u021bia &#8222;sens unic&#8221; \u0219i &#8222;accesul interzis&#8221;. Pe aleea dintre blocurile 17 \u0219i 1 se va monta indicatorul &#8222;obligatoriu la dreapta&#8221;, au anun\u021bat reprezentan\u021bii Prim\u0103riei T\u00e2rgu Jiu, printr-un comunicat de pres\u0103.<\/p>\n<p><img loading=\"lazy\" decoding=\"async\" class=\"alignleft size-medium wp-image-716\" src=\"http:\/\/radarmedia.ro\/wp-content\/uploads\/2021\/06\/Unirii-1-1-300x169.jpg\" alt=\"\" width=\"300\" height=\"169\" srcset=\"https:\/\/radarmedia.ro\/wp-content\/uploads\/2021\/06\/Unirii-1-1-300x169.jpg 300w, https:\/\/radarmedia.ro\/wp-content\/uploads\/2021\/06\/Unirii-1-1-768x432.jpg 768w, https:\/\/radarmedia.ro\/wp-content\/uploads\/2021\/06\/Unirii-1-1-696x392.jpg 696w, https:\/\/radarmedia.ro\/wp-content\/uploads\/2021\/06\/Unirii-1-1-747x420.jpg 747w, https:\/\/radarmedia.ro\/wp-content\/uploads\/2021\/06\/Unirii-1-1.jpg 960w\" sizes=\"auto, (max-width: 300px) 100vw, 300px\" \/><img loading=\"lazy\" decoding=\"async\" class=\"alignleft size-medium wp-image-718\" src=\"http:\/\/radarmedia.ro\/wp-content\/uploads\/2021\/06\/Unirii-3-300x169.jpg\" alt=\"\" width=\"300\" height=\"169\" srcset=\"https:\/\/radarmedia.ro\/wp-content\/uploads\/2021\/06\/Unirii-3-300x169.jpg 300w, https:\/\/radarmedia.ro\/wp-content\/uploads\/2021\/06\/Unirii-3-1024x576.jpg 1024w, https:\/\/radarmedia.ro\/wp-content\/uploads\/2021\/06\/Unirii-3-768x432.jpg 768w, https:\/\/radarmedia.ro\/wp-content\/uploads\/2021\/06\/Unirii-3-696x391.jpg 696w, https:\/\/radarmedia.ro\/wp-content\/uploads\/2021\/06\/Unirii-3-1068x600.jpg 1068w, https:\/\/radarmedia.ro\/wp-content\/uploads\/2021\/06\/Unirii-3-747x420.jpg 747w, https:\/\/radarmedia.ro\/wp-content\/uploads\/2021\/06\/Unirii-3.jpg 1366w\" sizes=\"auto, (max-width: 300px) 100vw, 300px\" \/><img loading=\"lazy\" decoding=\"async\" class=\"alignleft size-medium wp-image-717\" src=\"http:\/\/radarmedia.ro\/wp-content\/uploads\/2021\/06\/Unirii-2-300x169.jpg\" alt=\"\" width=\"300\" height=\"169\" srcset=\"https:\/\/radarmedia.ro\/wp-content\/uploads\/2021\/06\/Unirii-2-300x169.jpg 300w, https:\/\/radarmedia.ro\/wp-content\/uploads\/2021\/06\/Unirii-2-1024x576.jpg 1024w, https:\/\/radarmedia.ro\/wp-content\/uploads\/2021\/06\/Unirii-2-768x432.jpg 768w, https:\/\/radarmedia.ro\/wp-content\/uploads\/2021\/06\/Unirii-2-696x391.jpg 696w, https:\/\/radarmedia.ro\/wp-content\/uploads\/2021\/06\/Unirii-2-1068x600.jpg 1068w, https:\/\/radarmedia.ro\/wp-content\/uploads\/2021\/06\/Unirii-2-747x420.jpg 747w, https:\/\/radarmedia.ro\/wp-content\/uploads\/2021\/06\/Unirii-2.jpg 1366w\" sizes=\"auto, (max-width: 300px) 100vw, 300px\" \/><img loading=\"lazy\" decoding=\"async\" class=\"alignleft size-medium wp-image-719\" src=\"http:\/\/radarmedia.ro\/wp-content\/uploads\/2021\/06\/Unirii-4-300x169.jpg\" alt=\"\" width=\"300\" height=\"169\" srcset=\"https:\/\/radarmedia.ro\/wp-content\/uploads\/2021\/06\/Unirii-4-300x169.jpg 300w, https:\/\/radarmedia.ro\/wp-content\/uploads\/2021\/06\/Unirii-4-1024x576.jpg 1024w, https:\/\/radarmedia.ro\/wp-content\/uploads\/2021\/06\/Unirii-4-768x432.jpg 768w, https:\/\/radarmedia.ro\/wp-content\/uploads\/2021\/06\/Unirii-4-696x391.jpg 696w, https:\/\/radarmedia.ro\/wp-content\/uploads\/2021\/06\/Unirii-4-1068x600.jpg 1068w, https:\/\/radarmedia.ro\/wp-content\/uploads\/2021\/06\/Unirii-4-747x420.jpg 747w, https:\/\/radarmedia.ro\/wp-content\/uploads\/2021\/06\/Unirii-4.jpg 1366w\" sizes=\"auto, (max-width: 300px) 100vw, 300px\" \/><img loading=\"lazy\" decoding=\"async\" class=\"alignleft size-medium wp-image-720\" src=\"http:\/\/radarmedia.ro\/wp-content\/uploads\/2021\/06\/Unirii-5-1-300x169.jpg\" alt=\"\" width=\"300\" height=\"169\" srcset=\"https:\/\/radarmedia.ro\/wp-content\/uploads\/2021\/06\/Unirii-5-1-300x169.jpg 300w, https:\/\/radarmedia.ro\/wp-content\/uploads\/2021\/06\/Unirii-5-1-1024x576.jpg 1024w, https:\/\/radarmedia.ro\/wp-content\/uploads\/2021\/06\/Unirii-5-1-768x432.jpg 768w, https:\/\/radarmedia.ro\/wp-content\/uploads\/2021\/06\/Unirii-5-1-696x391.jpg 696w, https:\/\/radarmedia.ro\/wp-content\/uploads\/2021\/06\/Unirii-5-1-1068x600.jpg 1068w, https:\/\/radarmedia.ro\/wp-content\/uploads\/2021\/06\/Unirii-5-1-747x420.jpg 747w, https:\/\/radarmedia.ro\/wp-content\/uploads\/2021\/06\/Unirii-5-1.jpg 1366w\" sizes=\"auto, (max-width: 300px) 100vw, 300px\" \/><\/p>\n","protected":false},"excerpt":{"rendered":"<p class=\"text-justify mb-2\" >Se schimb\u0103 regulile de circula\u021bie, \u00eentr-un cartier din centrul municipiului T\u00e2rgu Jiu. Noile reguli vor intra \u00een vigoare week-endul viitor. &#8222;Prim\u0103ria Municipiului T\u00e2rgu Jiu anun\u021b\u0103 cet\u0103\u021benii c\u0103, \u00eencep\u00e2nd de s\u00e2mb\u0103t\u0103, 26 iunie, accesul \u00een cartierul din strada Unirii se va face dup\u0103 cum urmeaz\u0103: &#8211; [&hellip;]<\/p>\n","protected":false},"author":1,"featured_media":713,"comment_status":"open","ping_status":"open","sticky":false,"template":"","format":"standard","meta":{"footnotes":""},"categories":[5,2,4],"tags":[],"class_list":["post-712","post","type-post","status-publish","format-standard","has-post-thumbnail","hentry","category-actualitate","category-featured","category-ultima-ora"],"_links":{"self":[{"href":"https:\/\/radarmedia.ro\/index.php\/wp-json\/wp\/v2\/posts\/712","targetHints":{"allow":["GET"]}}],"collection":[{"href":"https:\/\/radarmedia.ro\/index.php\/wp-json\/wp\/v2\/posts"}],"about":[{"href":"https:\/\/radarmedia.ro\/index.php\/wp-json\/wp\/v2\/types\/post"}],"author":[{"embeddable":true,"href":"https:\/\/radarmedia.ro\/index.php\/wp-json\/wp\/v2\/users\/1"}],"replies":[{"embeddable":true,"href":"https:\/\/radarmedia.ro\/index.php\/wp-json\/wp\/v2\/comments?post=712"}],"version-history":[{"count":3,"href":"https:\/\/radarmedia.ro\/index.php\/wp-json\/wp\/v2\/posts\/712\/revisions"}],"predecessor-version":[{"id":721,"href":"https:\/\/radarmedia.ro\/index.php\/wp-json\/wp\/v2\/posts\/712\/revisions\/721"}],"wp:featuredmedia":[{"embeddable":true,"href":"https:\/\/radarmedia.ro\/index.php\/wp-json\/wp\/v2\/media\/713"}],"wp:attachment":[{"href":"https:\/\/radarmedia.ro\/index.php\/wp-json\/wp\/v2\/media?parent=712"}],"wp:term":[{"taxonomy":"category","embeddable":true,"href":"https:\/\/radarmedia.ro\/index.php\/wp-json\/wp\/v2\/categories?post=712"},{"taxonomy":"post_tag","embeddable":true,"href":"https:\/\/radarmedia.ro\/index.php\/wp-json\/wp\/v2\/tags?post=712"}],"curies":[{"name":"wp","href":"https:\/\/api.w.org\/{rel}","templated":true}]}}