{"id":7120,"date":"2026-07-23T11:33:19","date_gmt":"2026-07-23T08:33:19","guid":{"rendered":"https:\/\/radarmedia.ro\/?p=7120"},"modified":"2026-07-23T11:33:19","modified_gmt":"2026-07-23T08:33:19","slug":"si-a-lovit-sotia-cu-piciorul-in-fata-barbat-retinut","status":"publish","type":"post","link":"https:\/\/radarmedia.ro\/index.php\/2026\/07\/23\/si-a-lovit-sotia-cu-piciorul-in-fata-barbat-retinut\/","title":{"rendered":"\u0218i-a lovit so\u021bia cu piciorul \u00een fa\u021b\u0103. B\u0103rbat re\u021binut"},"content":{"rendered":"<p class=\"isSelectedEnd\">Un b\u0103rbat de 48 de ani, din municipiul T\u00e2rgu Jiu, a ajuns \u00een arestul IPJ Gorj, dup\u0103 ce \u0219i-ar fi agresat so\u021bia \u00een locuin\u021ba comun\u0103 din comuna St\u0103ne\u0219ti.\u00a0Potrivit poli\u021bi\u0219tilor, incidentul s-a produs \u00een seara zilei de 22 iulie, pe fondul consumului de alcool \u0219i al unor conflicte mai vechi dintre cei doi so\u021bi. Femeia, \u00een v\u00e2rst\u0103 de 71 de ani, le-a spus anchetatorilor c\u0103 a fost lovit\u0103 cu piciorul \u00een zona fe\u021bei de c\u0103tre so\u021bul s\u0103u.<\/p>\n<p class=\"isSelectedEnd\">Chiar dac\u0103 nu a suferit leziuni vizibile \u0219i nu a solicitat \u00eengrijiri medicale, victima a depus pl\u00e2ngere penal\u0103. \u00cen urma evalu\u0103rii riscului, poli\u021bi\u0219tii au constatat existen\u021ba unui pericol iminent \u0219i au emis un ordin de protec\u021bie provizoriu \u00eempotriva b\u0103rbatului.\u00a0Verific\u0103rile efectuate de oamenii legii au ar\u0103tat c\u0103 nu este primul episod de acest fel, \u00een eviden\u021bele Poli\u021biei exist\u00e2nd \u0219i alte sesiz\u0103ri privind conflictele dintre cei doi.\u00a0\u00cen baza probatoriului administrat, poli\u021bi\u0219tii au dispus re\u021binerea pentru 24 de ore a b\u0103rbatului, acesta fiind \u00eencarcerat \u00een Centrul de Re\u021binere \u0219i Arestare Preventiv\u0103 al IPJ Gorj. Cercet\u0103rile sunt continuate \u00eentr-un dosar penal pentru violen\u021b\u0103 \u00een familie.<\/p>\n","protected":false},"excerpt":{"rendered":"<p class=\"text-justify mb-2\" >Un b\u0103rbat de 48 de ani, din municipiul T\u00e2rgu Jiu, a ajuns \u00een arestul IPJ Gorj, dup\u0103 ce \u0219i-ar fi agresat so\u021bia \u00een locuin\u021ba comun\u0103 din comuna St\u0103ne\u0219ti.\u00a0Potrivit poli\u021bi\u0219tilor, incidentul s-a produs \u00een seara zilei de 22 iulie, pe fondul consumului de alcool \u0219i al [&hellip;]<\/p>\n","protected":false},"author":2,"featured_media":198,"comment_status":"open","ping_status":"open","sticky":false,"template":"","format":"standard","meta":{"footnotes":""},"categories":[13,4],"tags":[],"class_list":["post-7120","post","type-post","status-publish","format-standard","has-post-thumbnail","hentry","category-eveniment","category-ultima-ora"],"_links":{"self":[{"href":"https:\/\/radarmedia.ro\/index.php\/wp-json\/wp\/v2\/posts\/7120","targetHints":{"allow":["GET"]}}],"collection":[{"href":"https:\/\/radarmedia.ro\/index.php\/wp-json\/wp\/v2\/posts"}],"about":[{"href":"https:\/\/radarmedia.ro\/index.php\/wp-json\/wp\/v2\/types\/post"}],"author":[{"embeddable":true,"href":"https:\/\/radarmedia.ro\/index.php\/wp-json\/wp\/v2\/users\/2"}],"replies":[{"embeddable":true,"href":"https:\/\/radarmedia.ro\/index.php\/wp-json\/wp\/v2\/comments?post=7120"}],"version-history":[{"count":1,"href":"https:\/\/radarmedia.ro\/index.php\/wp-json\/wp\/v2\/posts\/7120\/revisions"}],"predecessor-version":[{"id":7121,"href":"https:\/\/radarmedia.ro\/index.php\/wp-json\/wp\/v2\/posts\/7120\/revisions\/7121"}],"wp:featuredmedia":[{"embeddable":true,"href":"https:\/\/radarmedia.ro\/index.php\/wp-json\/wp\/v2\/media\/198"}],"wp:attachment":[{"href":"https:\/\/radarmedia.ro\/index.php\/wp-json\/wp\/v2\/media?parent=7120"}],"wp:term":[{"taxonomy":"category","embeddable":true,"href":"https:\/\/radarmedia.ro\/index.php\/wp-json\/wp\/v2\/categories?post=7120"},{"taxonomy":"post_tag","embeddable":true,"href":"https:\/\/radarmedia.ro\/index.php\/wp-json\/wp\/v2\/tags?post=7120"}],"curies":[{"name":"wp","href":"https:\/\/api.w.org\/{rel}","templated":true}]}}