{"id":7122,"date":"2026-07-23T11:35:09","date_gmt":"2026-07-23T08:35:09","guid":{"rendered":"https:\/\/radarmedia.ro\/?p=7122"},"modified":"2026-07-23T11:35:09","modified_gmt":"2026-07-23T08:35:09","slug":"control-judiciar-pentru-doi-dintre-barbatii-implicati-in-scandalul-din-strada-lotrului","status":"publish","type":"post","link":"https:\/\/radarmedia.ro\/index.php\/2026\/07\/23\/control-judiciar-pentru-doi-dintre-barbatii-implicati-in-scandalul-din-strada-lotrului\/","title":{"rendered":"Control judiciar pentru doi dintre b\u0103rba\u021bii implica\u021bi \u00een scandalul din strada Lotrului"},"content":{"rendered":"<p class=\"isSelectedEnd\">Ancheta \u00een cazul conflictului violent izbucnit pe strada Lotrului, din municipiul T\u00e2rgu Jiu, a intrat \u00eentr-o nou\u0103 etap\u0103. Doi dintre cei cinci b\u0103rba\u021bi re\u021binu\u021bi de poli\u021bi\u0219ti au fost plasa\u021bi sub control judiciar pentru o perioad\u0103 de 60 de zile.\u00a0Scandalul a avut loc \u00een seara de 21 iulie, c\u00e2nd un conflict spontan dintre mai multe persoane a degenerat. \u00cen timpul alterca\u021biei, un b\u0103rbat de 34 de ani a fost lovit \u0219i \u00een\u021bepat cu un obiect t\u0103ietor-\u00een\u021bep\u0103tor, fiind transportat la Spitalul Jude\u021bean de Urgen\u021b\u0103 T\u00e2rgu Jiu pentru \u00eengrijiri medicale.<\/p>\n<p class=\"isSelectedEnd\">\u00cen urma cercet\u0103rilor, poli\u021bi\u0219tii au stabilit c\u0103 \u00een alterca\u021bie au fost implica\u021bi cinci b\u0103rba\u021bi, cu v\u00e2rste cuprinse \u00eentre 21 \u0219i 40 de ani. To\u021bi au fost re\u021binu\u021bi pentru 24 de ore \u0219i prezenta\u021bi Parchetului de pe l\u00e2ng\u0103 Judec\u0103toria T\u00e2rgu Jiu cu propuneri legale.\u00a0Procurorii au decis ca doi dintre ace\u0219tia s\u0103 fie cerceta\u021bi \u00een continuare sub m\u0103sura controlului judiciar pentru 60 de zile, \u00een timp ce ancheta continu\u0103 pentru stabilirea exact\u0103 a contribu\u021biei fiec\u0103rei persoane la producerea incidentului \u0219i pentru dispunerea m\u0103surilor legale care se impun.<\/p>\n","protected":false},"excerpt":{"rendered":"<p class=\"text-justify mb-2\" >Ancheta \u00een cazul conflictului violent izbucnit pe strada Lotrului, din municipiul T\u00e2rgu Jiu, a intrat \u00eentr-o nou\u0103 etap\u0103. Doi dintre cei cinci b\u0103rba\u021bi re\u021binu\u021bi de poli\u021bi\u0219ti au fost plasa\u021bi sub control judiciar pentru o perioad\u0103 de 60 de zile.\u00a0Scandalul a avut loc \u00een seara de [&hellip;]<\/p>\n","protected":false},"author":2,"featured_media":1062,"comment_status":"open","ping_status":"open","sticky":false,"template":"","format":"standard","meta":{"footnotes":""},"categories":[13,4],"tags":[],"class_list":["post-7122","post","type-post","status-publish","format-standard","has-post-thumbnail","hentry","category-eveniment","category-ultima-ora"],"_links":{"self":[{"href":"https:\/\/radarmedia.ro\/index.php\/wp-json\/wp\/v2\/posts\/7122","targetHints":{"allow":["GET"]}}],"collection":[{"href":"https:\/\/radarmedia.ro\/index.php\/wp-json\/wp\/v2\/posts"}],"about":[{"href":"https:\/\/radarmedia.ro\/index.php\/wp-json\/wp\/v2\/types\/post"}],"author":[{"embeddable":true,"href":"https:\/\/radarmedia.ro\/index.php\/wp-json\/wp\/v2\/users\/2"}],"replies":[{"embeddable":true,"href":"https:\/\/radarmedia.ro\/index.php\/wp-json\/wp\/v2\/comments?post=7122"}],"version-history":[{"count":1,"href":"https:\/\/radarmedia.ro\/index.php\/wp-json\/wp\/v2\/posts\/7122\/revisions"}],"predecessor-version":[{"id":7123,"href":"https:\/\/radarmedia.ro\/index.php\/wp-json\/wp\/v2\/posts\/7122\/revisions\/7123"}],"wp:featuredmedia":[{"embeddable":true,"href":"https:\/\/radarmedia.ro\/index.php\/wp-json\/wp\/v2\/media\/1062"}],"wp:attachment":[{"href":"https:\/\/radarmedia.ro\/index.php\/wp-json\/wp\/v2\/media?parent=7122"}],"wp:term":[{"taxonomy":"category","embeddable":true,"href":"https:\/\/radarmedia.ro\/index.php\/wp-json\/wp\/v2\/categories?post=7122"},{"taxonomy":"post_tag","embeddable":true,"href":"https:\/\/radarmedia.ro\/index.php\/wp-json\/wp\/v2\/tags?post=7122"}],"curies":[{"name":"wp","href":"https:\/\/api.w.org\/{rel}","templated":true}]}}