{"id":7124,"date":"2026-07-23T12:11:24","date_gmt":"2026-07-23T09:11:24","guid":{"rendered":"https:\/\/radarmedia.ro\/?p=7124"},"modified":"2026-07-23T12:11:24","modified_gmt":"2026-07-23T09:11:24","slug":"pasager-ranit-de-copacul-doborat-de-vijelie-peste-masina-dosar-penal","status":"publish","type":"post","link":"https:\/\/radarmedia.ro\/index.php\/2026\/07\/23\/pasager-ranit-de-copacul-doborat-de-vijelie-peste-masina-dosar-penal\/","title":{"rendered":"Pasager r\u0103nit de copacul dobor\u00e2t de vijelie peste ma\u0219in\u0103. Dosar penal"},"content":{"rendered":"<p><span style=\"font-family: Times New Roman, serif;\"><span style=\"font-size: large;\">Furtuna care a lovit municipiul T\u00e2rgu Jiu, seara trecut\u0103, s-a l\u0103sat cu un dosar penal. Un pasager a fost r\u0103nit dup\u0103 ce un copac s-a pr\u0103bu\u0219it peste o ma\u0219in\u0103 aflat\u0103 \u00een mers, pe strada 9 Mai. <\/span><\/span>Potrivit poli\u021bi\u0219tilor, arborele a fost dobor\u00e2t de v\u00e2ntul puternic \u0219i a c\u0103zut peste autoturism. Crengile au str\u0103puns parbrizul, iar b\u0103rbatul aflat pe locul din dreapta-fa\u021b\u0103, \u00een v\u00e2rst\u0103 de 42 de ani, a fost transportat la spital cu r\u0103ni u\u0219oare. Poli\u021bi\u0219tii au deschis un dosar penal pentru v\u0103t\u0103mare corporal\u0103 din culp\u0103 \u0219i continu\u0103 cercet\u0103rile pentru stabilirea tuturor \u00eemprejur\u0103rilor \u00een care s-a produs incidentul.<\/p>\n<p>Bilan\u021bul furtunii este \u00eens\u0103 mult mai mare. Patru autoturisme au fost avariate de copacii dobor\u00e2\u021bi de vijelie \u00een mai multe zone din T\u00e2rgu Jiu. Din fericire, doar \u00een cazul de pe strada 9 Mai s-au \u00eenregistrat victime, celelalte incidente sold\u00e2ndu-se exclusiv cu pagube materiale.<\/p>\n","protected":false},"excerpt":{"rendered":"<p class=\"text-justify mb-2\" >Furtuna care a lovit municipiul T\u00e2rgu Jiu, seara trecut\u0103, s-a l\u0103sat cu un dosar penal. Un pasager a fost r\u0103nit dup\u0103 ce un copac s-a pr\u0103bu\u0219it peste o ma\u0219in\u0103 aflat\u0103 \u00een mers, pe strada 9 Mai. Potrivit poli\u021bi\u0219tilor, arborele a fost dobor\u00e2t de v\u00e2ntul puternic [&hellip;]<\/p>\n","protected":false},"author":2,"featured_media":7125,"comment_status":"open","ping_status":"open","sticky":false,"template":"","format":"standard","meta":{"footnotes":""},"categories":[13,2,4],"tags":[],"class_list":["post-7124","post","type-post","status-publish","format-standard","has-post-thumbnail","hentry","category-eveniment","category-featured","category-ultima-ora"],"_links":{"self":[{"href":"https:\/\/radarmedia.ro\/index.php\/wp-json\/wp\/v2\/posts\/7124","targetHints":{"allow":["GET"]}}],"collection":[{"href":"https:\/\/radarmedia.ro\/index.php\/wp-json\/wp\/v2\/posts"}],"about":[{"href":"https:\/\/radarmedia.ro\/index.php\/wp-json\/wp\/v2\/types\/post"}],"author":[{"embeddable":true,"href":"https:\/\/radarmedia.ro\/index.php\/wp-json\/wp\/v2\/users\/2"}],"replies":[{"embeddable":true,"href":"https:\/\/radarmedia.ro\/index.php\/wp-json\/wp\/v2\/comments?post=7124"}],"version-history":[{"count":1,"href":"https:\/\/radarmedia.ro\/index.php\/wp-json\/wp\/v2\/posts\/7124\/revisions"}],"predecessor-version":[{"id":7126,"href":"https:\/\/radarmedia.ro\/index.php\/wp-json\/wp\/v2\/posts\/7124\/revisions\/7126"}],"wp:featuredmedia":[{"embeddable":true,"href":"https:\/\/radarmedia.ro\/index.php\/wp-json\/wp\/v2\/media\/7125"}],"wp:attachment":[{"href":"https:\/\/radarmedia.ro\/index.php\/wp-json\/wp\/v2\/media?parent=7124"}],"wp:term":[{"taxonomy":"category","embeddable":true,"href":"https:\/\/radarmedia.ro\/index.php\/wp-json\/wp\/v2\/categories?post=7124"},{"taxonomy":"post_tag","embeddable":true,"href":"https:\/\/radarmedia.ro\/index.php\/wp-json\/wp\/v2\/tags?post=7124"}],"curies":[{"name":"wp","href":"https:\/\/api.w.org\/{rel}","templated":true}]}}