{"id":7127,"date":"2026-07-24T00:02:17","date_gmt":"2026-07-23T21:02:17","guid":{"rendered":"https:\/\/radarmedia.ro\/?p=7127"},"modified":"2026-07-24T00:02:17","modified_gmt":"2026-07-23T21:02:17","slug":"investitie-de-milioane-blocata-in-instanta-primarul-din-turburea-reclama-birocratia-care-tine-pe-loc-proiectele","status":"publish","type":"post","link":"https:\/\/radarmedia.ro\/index.php\/2026\/07\/24\/investitie-de-milioane-blocata-in-instanta-primarul-din-turburea-reclama-birocratia-care-tine-pe-loc-proiectele\/","title":{"rendered":"Investi\u021bie de milioane, blocat\u0103 \u00een instan\u021b\u0103. Primarul din Turburea reclam\u0103 birocra\u021bia care \u021bine pe loc proiectele"},"content":{"rendered":"<p class=\"isSelectedEnd\">O investi\u021bie privat\u0103 care ar putea crea noi locuri de munc\u0103 \u00een comuna Turburea este blocat\u0103 \u00een litigii \u0219i proceduri administrative. Este vorba despre o fabric\u0103 de hran\u0103 pentru animale, pentru care investitorul a cump\u0103rat deja 11 hectare de teren, \u00eens\u0103 nu poate \u00eencepe lucr\u0103rile din cauza unui proces cu statul.\u00a0Primarul Ion B\u00eerc\u0103 sus\u021bine c\u0103 proiectul a fost declarat eligibil \u00een cadrul unui program de finan\u021bare, dar nu a primit fondurile necesare. Investitorul a ac\u021bionat \u00een instan\u021b\u0103 Ministerul Dezvolt\u0103rii \u0219i Ministerul Finan\u021belor \u0219i a ob\u021binut o decizie favorabil\u0103 \u00een prim\u0103 instan\u021b\u0103, \u00eens\u0103 autorit\u0103\u021bile centrale au declarat recurs. Dosarul va fi judecat la \u00cenalta Curte de Casa\u021bie \u0219i Justi\u021bie \u00een luna septembrie.<\/p>\n<p class=\"isSelectedEnd\">\u201eAu c\u00e2\u0219tigat la primul proces. Au luat locul doi pe \u021bar\u0103 ca procentaj la acel proiect, dup\u0103 care a fost declarat eligibil, dar f\u0103r\u0103 finan\u021bare. Au demonstrat c\u0103 este un proiect viabil \u0219i foarte bun, au dat \u00een judecat\u0103 Ministerul Dezvolt\u0103rii \u0219i Ministerul Finan\u021belor Publice \u0219i au c\u00e2\u0219tigat. Acum ministerele au f\u0103cut recurs la \u00cenalta Curte \u0219i a\u0219tept\u0103m judecarea acestuia \u00een septembrie\u201d, a declarat edilul.<\/p>\n<p class=\"isSelectedEnd\">Primarul afirm\u0103 c\u0103 nu doar acest proiect este afectat de \u00eent\u00e2rzieri. Potrivit acestuia, interes exist\u0103 \u0219i pentru realizarea unei fabrici de produse lactate \u0219i a unei sta\u021bii de betoane \u00een comun\u0103, \u00eens\u0103 procedurile de avizare \u00eengreuneaz\u0103 demararea investi\u021biilor.<\/p>\n<p class=\"isSelectedEnd\">Ion B\u00eerc\u0103 critic\u0103 birocra\u021bia din institu\u021biile statului \u0219i sus\u021bine c\u0103 num\u0103rul mare de avize solicitate investitorilor descurajeaz\u0103 dezvoltarea economic\u0103. Edilul spune c\u0103 doar fabrica de hran\u0103 pentru animale ar urma s\u0103 genereze aproximativ 15 locuri de munc\u0103, iar alte c\u00e2teva zeci de posturi ar putea ap\u0103rea dac\u0103 \u0219i celelalte investi\u021bii vor fi puse \u00een practic\u0103.\u00a0\u201eTot ce avem merge greu cu avizele. Numai avize, avize \u0219i iar avize. P\u00e2n\u0103 pui un proiect pe picioare dureaz\u0103 foarte mult. Nici nu credeam c\u0103 la aceast\u0103 fabric\u0103 se va pierde aproape un an \u0219i jum\u0103tate\u201d, a mai spus primarul comunei Turburea.<\/p>\n","protected":false},"excerpt":{"rendered":"<p class=\"text-justify mb-2\" >O investi\u021bie privat\u0103 care ar putea crea noi locuri de munc\u0103 \u00een comuna Turburea este blocat\u0103 \u00een litigii \u0219i proceduri administrative. Este vorba despre o fabric\u0103 de hran\u0103 pentru animale, pentru care investitorul a cump\u0103rat deja 11 hectare de teren, \u00eens\u0103 nu poate \u00eencepe lucr\u0103rile [&hellip;]<\/p>\n","protected":false},"author":2,"featured_media":6387,"comment_status":"open","ping_status":"open","sticky":false,"template":"","format":"standard","meta":{"footnotes":""},"categories":[5,4],"tags":[],"class_list":["post-7127","post","type-post","status-publish","format-standard","has-post-thumbnail","hentry","category-actualitate","category-ultima-ora"],"_links":{"self":[{"href":"https:\/\/radarmedia.ro\/index.php\/wp-json\/wp\/v2\/posts\/7127","targetHints":{"allow":["GET"]}}],"collection":[{"href":"https:\/\/radarmedia.ro\/index.php\/wp-json\/wp\/v2\/posts"}],"about":[{"href":"https:\/\/radarmedia.ro\/index.php\/wp-json\/wp\/v2\/types\/post"}],"author":[{"embeddable":true,"href":"https:\/\/radarmedia.ro\/index.php\/wp-json\/wp\/v2\/users\/2"}],"replies":[{"embeddable":true,"href":"https:\/\/radarmedia.ro\/index.php\/wp-json\/wp\/v2\/comments?post=7127"}],"version-history":[{"count":1,"href":"https:\/\/radarmedia.ro\/index.php\/wp-json\/wp\/v2\/posts\/7127\/revisions"}],"predecessor-version":[{"id":7128,"href":"https:\/\/radarmedia.ro\/index.php\/wp-json\/wp\/v2\/posts\/7127\/revisions\/7128"}],"wp:featuredmedia":[{"embeddable":true,"href":"https:\/\/radarmedia.ro\/index.php\/wp-json\/wp\/v2\/media\/6387"}],"wp:attachment":[{"href":"https:\/\/radarmedia.ro\/index.php\/wp-json\/wp\/v2\/media?parent=7127"}],"wp:term":[{"taxonomy":"category","embeddable":true,"href":"https:\/\/radarmedia.ro\/index.php\/wp-json\/wp\/v2\/categories?post=7127"},{"taxonomy":"post_tag","embeddable":true,"href":"https:\/\/radarmedia.ro\/index.php\/wp-json\/wp\/v2\/tags?post=7127"}],"curies":[{"name":"wp","href":"https:\/\/api.w.org\/{rel}","templated":true}]}}