{"id":7129,"date":"2026-07-24T10:13:25","date_gmt":"2026-07-24T07:13:25","guid":{"rendered":"https:\/\/radarmedia.ro\/?p=7129"},"modified":"2026-07-24T10:13:25","modified_gmt":"2026-07-24T07:13:25","slug":"scandal-intre-doua-familii-din-targu-jiu-cinci-barbati-au-fost-retinuti","status":"publish","type":"post","link":"https:\/\/radarmedia.ro\/index.php\/2026\/07\/24\/scandal-intre-doua-familii-din-targu-jiu-cinci-barbati-au-fost-retinuti\/","title":{"rendered":"Scandal \u00eentre dou\u0103 familii din T\u00e2rgu Jiu. Cinci b\u0103rba\u021bi au fost re\u021binu\u021bi"},"content":{"rendered":"<p class=\"isSelectedEnd\">Poli\u021bi\u0219tii gorjeni au re\u021binut cinci b\u0103rba\u021bi implica\u021bi \u00een scandalul izbucnit joi \u00eentre dou\u0103 familii din municipiul T\u00e2rgu Jiu. Dup\u0103 administrarea probatoriului, anchetatorii au dispus m\u0103sura re\u021binerii pentru 24 de ore, iar suspec\u021bii au fost introdu\u0219i \u00een Centrul de Re\u021binere \u0219i Arestare Preventiv\u0103 al IPJ Gorj.\u00a0Conflictul a fost semnalat printr-un apel la 112 f\u0103cut de un adolescent de 16 ani, care a anun\u021bat c\u0103 tat\u0103l s\u0103u este implicat \u00eentr-o alterca\u021bie cu mai multe persoane, una dintre acestea folosind un pistol. La interven\u021bie au participat poli\u021bi\u0219ti din mai multe structuri, lupt\u0103tori ai Serviciului pentru Ac\u021biuni Speciale \u0219i jandarmi.<\/p>\n<p class=\"isSelectedEnd\">Din cercet\u0103rile efectuate a rezultat c\u0103 scandalul ar fi izbucnit pe fondul unor ne\u00een\u021belegeri mai vechi. Un b\u0103rbat de 40 de ani ar fi ie\u0219it \u00een fa\u021ba locuin\u021bei sale av\u00e2nd asupra sa un obiect t\u0103ietor-\u00een\u021bep\u0103tor, iar, la scurt timp, patru b\u0103rba\u021bi, cu v\u00e2rste \u00eentre 18 \u0219i 49 de ani, ar fi p\u0103truns f\u0103r\u0103 drept \u00een curtea acestuia. \u00cen timpul alterca\u021biei, unul dintre ace\u0219tia ar fi folosit un pistol de tip airsoft, tr\u0103g\u00e2nd cu bile din plastic asupra b\u0103rbatului \u0219i a fiului s\u0103u de 16 ani.\u00a0Cele dou\u0103 victime au suferit r\u0103ni u\u0219oare, f\u0103r\u0103 ca via\u021ba lor s\u0103 fie pus\u0103 \u00een pericol.<\/p>\n<p class=\"isSelectedEnd\">Cei cinci b\u0103rba\u021bi re\u021binu\u021bi, cu v\u00e2rste de 18, 29, 34, 40 \u0219i 49 de ani, urmeaz\u0103 s\u0103 fie prezenta\u021bi Parchetului de pe l\u00e2ng\u0103 Judec\u0103toria T\u00e2rgu Jiu, care va decide m\u0103surile preventive ce se impun.\u00a0\u00cen dosar se efectueaz\u0103 cercet\u0103ri pentru lovire sau alte violen\u021be, violare de domiciliu \u0219i tulburarea ordinii \u0219i lini\u0219tii publice. Pistolul airsoft folosit \u00een timpul conflictului a fost ridicat de poli\u021bi\u0219ti ca mijloc de prob\u0103.<\/p>\n","protected":false},"excerpt":{"rendered":"<p class=\"text-justify mb-2\" >Poli\u021bi\u0219tii gorjeni au re\u021binut cinci b\u0103rba\u021bi implica\u021bi \u00een scandalul izbucnit joi \u00eentre dou\u0103 familii din municipiul T\u00e2rgu Jiu. Dup\u0103 administrarea probatoriului, anchetatorii au dispus m\u0103sura re\u021binerii pentru 24 de ore, iar suspec\u021bii au fost introdu\u0219i \u00een Centrul de Re\u021binere \u0219i Arestare Preventiv\u0103 al IPJ Gorj.\u00a0Conflictul [&hellip;]<\/p>\n","protected":false},"author":2,"featured_media":1367,"comment_status":"open","ping_status":"open","sticky":false,"template":"","format":"standard","meta":{"footnotes":""},"categories":[13,4],"tags":[],"class_list":["post-7129","post","type-post","status-publish","format-standard","has-post-thumbnail","hentry","category-eveniment","category-ultima-ora"],"_links":{"self":[{"href":"https:\/\/radarmedia.ro\/index.php\/wp-json\/wp\/v2\/posts\/7129","targetHints":{"allow":["GET"]}}],"collection":[{"href":"https:\/\/radarmedia.ro\/index.php\/wp-json\/wp\/v2\/posts"}],"about":[{"href":"https:\/\/radarmedia.ro\/index.php\/wp-json\/wp\/v2\/types\/post"}],"author":[{"embeddable":true,"href":"https:\/\/radarmedia.ro\/index.php\/wp-json\/wp\/v2\/users\/2"}],"replies":[{"embeddable":true,"href":"https:\/\/radarmedia.ro\/index.php\/wp-json\/wp\/v2\/comments?post=7129"}],"version-history":[{"count":1,"href":"https:\/\/radarmedia.ro\/index.php\/wp-json\/wp\/v2\/posts\/7129\/revisions"}],"predecessor-version":[{"id":7130,"href":"https:\/\/radarmedia.ro\/index.php\/wp-json\/wp\/v2\/posts\/7129\/revisions\/7130"}],"wp:featuredmedia":[{"embeddable":true,"href":"https:\/\/radarmedia.ro\/index.php\/wp-json\/wp\/v2\/media\/1367"}],"wp:attachment":[{"href":"https:\/\/radarmedia.ro\/index.php\/wp-json\/wp\/v2\/media?parent=7129"}],"wp:term":[{"taxonomy":"category","embeddable":true,"href":"https:\/\/radarmedia.ro\/index.php\/wp-json\/wp\/v2\/categories?post=7129"},{"taxonomy":"post_tag","embeddable":true,"href":"https:\/\/radarmedia.ro\/index.php\/wp-json\/wp\/v2\/tags?post=7129"}],"curies":[{"name":"wp","href":"https:\/\/api.w.org\/{rel}","templated":true}]}}