{"id":7131,"date":"2026-07-24T13:12:56","date_gmt":"2026-07-24T10:12:56","guid":{"rendered":"https:\/\/radarmedia.ro\/?p=7131"},"modified":"2026-07-24T13:12:56","modified_gmt":"2026-07-24T10:12:56","slug":"accident-intre-un-tir-si-un-autoturism-pe-valea-oltului-traficul-a-fost-restrictionat-pe-dn-7","status":"publish","type":"post","link":"https:\/\/radarmedia.ro\/index.php\/2026\/07\/24\/accident-intre-un-tir-si-un-autoturism-pe-valea-oltului-traficul-a-fost-restrictionat-pe-dn-7\/","title":{"rendered":"Accident \u00eentre un TIR \u0219i un autoturism pe Valea Oltului. Traficul a fost restric\u021bionat pe DN 7"},"content":{"rendered":"<div class=\"qMYqUG_convSearchResultHighlightRoot\">\n<div class=\"\" data-turn-id-container=\"request-WEB:643f4786-765d-4199-8913-9e3c054e972d-4\" data-is-intersecting=\"true\">\n<section class=\"text-token-text-primary w-full focus:outline-none has-data-writing-block:pointer-events-none [&amp;:has([data-writing-block])&gt;*]:pointer-events-auto R6Vx5W_threadScrollVars scroll-mb-[calc(var(--scroll-root-safe-area-inset-bottom,0px)+var(--thread-response-height))] scroll-mt-[calc(var(--header-height)+min(200px,max(70px,20svh)))]\" dir=\"auto\" data-turn-id=\"request-WEB:643f4786-765d-4199-8913-9e3c054e972d-4\" data-turn-id-container=\"request-WEB:643f4786-765d-4199-8913-9e3c054e972d-4\" data-testid=\"conversation-turn-10\" data-turn=\"assistant\">\n<div class=\"text-base my-auto mx-auto pb-15 [--thread-content-margin:var(--thread-content-margin-xs,calc(var(--spacing)*4))] @w-sm\/main:[--thread-content-margin:var(--thread-content-margin-sm,calc(var(--spacing)*6))] @w-lg\/main:[--thread-content-margin:var(--thread-content-margin-lg,calc(var(--spacing)*16))] px-(--thread-content-margin)\">\n<div class=\"[--thread-content-max-width:40rem] @w-lg\/main:[--thread-content-max-width:48rem] mx-auto max-w-(--thread-content-max-width) flex-1 group\/turn-messages focus-visible:outline-hidden relative flex w-full min-w-0 flex-col agent-turn\" data-conversation-screenshot-content=\"\">\n<div class=\"flex max-w-full flex-col gap-4 grow\">\n<div class=\"min-h-8 text-message relative flex w-full flex-col items-end gap-2 text-start break-words whitespace-normal outline-none keyboard-focused:focus-ring [.text-message+&amp;]:mt-1\" dir=\"auto\" tabindex=\"0\" data-message-author-role=\"assistant\" data-message-id=\"2a0cad29-ac5b-4901-be6b-ad72981f2ecb\" data-message-model-slug=\"gpt-5-5\" data-turn-start-message=\"true\">\n<div class=\"flex w-full flex-col gap-1 empty:hidden\">\n<div class=\"markdown prose dark:prose-invert wrap-break-word w-full light markdown-new-styling\">\n<p data-start=\"100\" data-end=\"266\">Traficul rutier s-a desf\u0103\u0219urat cu restric\u021bii, vineri diminea\u021b\u0103, pe DN 7, \u00een zona C\u0103lim\u0103ne\u0219ti, dup\u0103 un accident \u00een care au fost implicate un autotren \u0219i un autoturism.<\/p>\n<p data-start=\"268\" data-end=\"525\">Potrivit Direc\u021biei Regionale de Drumuri \u0219i Poduri Craiova, evenimentul rutier s-a produs la kilometrul 199+850, cauza probabil\u0103 fiind o eroare uman\u0103. Accidentul a avut loc pe un carosabil uscat, iar circula\u021bia a fost dirijat\u0103 alternativ, pe o singur\u0103 band\u0103.<\/p>\n<p data-start=\"527\" data-end=\"705\">La fa\u021ba locului au intervenit echipaje ale Poli\u021biei, Ambulan\u021bei \u0219i ale DRDP Craiova, care au asigurat m\u0103surile necesare pentru fluidizarea traficului \u0219i eliberarea carosabilului.\u00a0Din primele informa\u021bii ap\u0103rute \u00een spa\u021biul public, \u00een urma impactului au rezultat persoane r\u0103nite, care au primit \u00eengrijiri medicale, urm\u00e2nd ca poli\u021bi\u0219tii s\u0103 stabileasc\u0103 \u00eemprejur\u0103rile exacte \u00een care s-a produs accidentul.\u00a0DRDP Craiova a anun\u021bat c\u0103, dup\u0103 interven\u021bia echipelor din teren \u0219i ridicarea autovehiculelor implicate, circula\u021bia a fost reluat\u0103 \u00een condi\u021bii normale pe DN 7.<\/p>\n<\/div>\n<\/div>\n<\/div>\n<\/div>\n<div class=\"z-0 flex min-h-[46px] justify-start\"><\/div>\n<div class=\"mt-3 w-full empty:hidden\">\n<div class=\"text-center\"><\/div>\n<\/div>\n<\/div>\n<div class=\"[--thread-content-max-width:40rem] @w-lg\/main:[--thread-content-max-width:48rem] mx-auto max-w-(--thread-content-max-width) flex-1\" data-conversation-screenshot-content=\"\">\n<div><\/div>\n<\/div>\n<\/div>\n<\/section>\n<\/div>\n<\/div>\n<div class=\"pointer-events-none -mt-px h-px translate-y-(--scroll-root-safe-area-inset-bottom)\" aria-hidden=\"true\"><\/div>\n","protected":false},"excerpt":{"rendered":"<p class=\"text-justify mb-2\" >Traficul rutier s-a desf\u0103\u0219urat cu restric\u021bii, vineri diminea\u021b\u0103, pe DN 7, \u00een zona C\u0103lim\u0103ne\u0219ti, dup\u0103 un accident \u00een care au fost implicate un autotren \u0219i un autoturism. Potrivit Direc\u021biei Regionale de Drumuri \u0219i Poduri Craiova, evenimentul rutier s-a produs la kilometrul 199+850, cauza probabil\u0103 fiind [&hellip;]<\/p>\n","protected":false},"author":2,"featured_media":7132,"comment_status":"open","ping_status":"open","sticky":false,"template":"","format":"standard","meta":{"footnotes":""},"categories":[13,2,4],"tags":[],"class_list":["post-7131","post","type-post","status-publish","format-standard","has-post-thumbnail","hentry","category-eveniment","category-featured","category-ultima-ora"],"_links":{"self":[{"href":"https:\/\/radarmedia.ro\/index.php\/wp-json\/wp\/v2\/posts\/7131","targetHints":{"allow":["GET"]}}],"collection":[{"href":"https:\/\/radarmedia.ro\/index.php\/wp-json\/wp\/v2\/posts"}],"about":[{"href":"https:\/\/radarmedia.ro\/index.php\/wp-json\/wp\/v2\/types\/post"}],"author":[{"embeddable":true,"href":"https:\/\/radarmedia.ro\/index.php\/wp-json\/wp\/v2\/users\/2"}],"replies":[{"embeddable":true,"href":"https:\/\/radarmedia.ro\/index.php\/wp-json\/wp\/v2\/comments?post=7131"}],"version-history":[{"count":1,"href":"https:\/\/radarmedia.ro\/index.php\/wp-json\/wp\/v2\/posts\/7131\/revisions"}],"predecessor-version":[{"id":7133,"href":"https:\/\/radarmedia.ro\/index.php\/wp-json\/wp\/v2\/posts\/7131\/revisions\/7133"}],"wp:featuredmedia":[{"embeddable":true,"href":"https:\/\/radarmedia.ro\/index.php\/wp-json\/wp\/v2\/media\/7132"}],"wp:attachment":[{"href":"https:\/\/radarmedia.ro\/index.php\/wp-json\/wp\/v2\/media?parent=7131"}],"wp:term":[{"taxonomy":"category","embeddable":true,"href":"https:\/\/radarmedia.ro\/index.php\/wp-json\/wp\/v2\/categories?post=7131"},{"taxonomy":"post_tag","embeddable":true,"href":"https:\/\/radarmedia.ro\/index.php\/wp-json\/wp\/v2\/tags?post=7131"}],"curies":[{"name":"wp","href":"https:\/\/api.w.org\/{rel}","templated":true}]}}