{"id":7134,"date":"2026-07-29T13:30:13","date_gmt":"2026-07-29T10:30:13","guid":{"rendered":"https:\/\/radarmedia.ro\/?p=7134"},"modified":"2026-07-29T13:30:13","modified_gmt":"2026-07-29T10:30:13","slug":"doi-targujieni-retinuti-dupa-perchezitii-la-deva","status":"publish","type":"post","link":"https:\/\/radarmedia.ro\/index.php\/2026\/07\/29\/doi-targujieni-retinuti-dupa-perchezitii-la-deva\/","title":{"rendered":"Doi t\u00e2rgujieni, re\u021binu\u021bi dup\u0103 perchezi\u021bii la Deva"},"content":{"rendered":"<div class=\"qMYqUG_convSearchResultHighlightRoot\">\n<div class=\"\" data-turn-id-container=\"request-WEB:590c2092-4f02-4d5e-af67-73b1adce6656-6\" data-is-intersecting=\"true\">\n<section class=\"text-token-text-primary w-full focus:outline-none has-data-writing-block:pointer-events-none [&amp;:has([data-writing-block])&gt;*]:pointer-events-auto R6Vx5W_threadScrollVars scroll-mb-[calc(var(--scroll-root-safe-area-inset-bottom,0px)+var(--thread-response-height))] scroll-mt-[calc(var(--header-height)+min(200px,max(70px,20svh)))]\" dir=\"auto\" data-turn-id=\"request-WEB:590c2092-4f02-4d5e-af67-73b1adce6656-6\" data-turn-id-container=\"request-WEB:590c2092-4f02-4d5e-af67-73b1adce6656-6\" data-testid=\"conversation-turn-14\" data-turn=\"assistant\">\n<div class=\"text-base my-auto mx-auto pb-8 [--thread-content-margin:var(--thread-content-margin-xs,calc(var(--spacing)*4))] @w-sm\/main:[--thread-content-margin:var(--thread-content-margin-sm,calc(var(--spacing)*6))] @w-lg\/main:[--thread-content-margin:var(--thread-content-margin-lg,calc(var(--spacing)*16))] px-(--thread-content-margin)\">\n<div class=\"[--thread-content-max-width:40rem] @w-lg\/main:[--thread-content-max-width:48rem] mx-auto max-w-(--thread-content-max-width) flex-1 group\/turn-messages focus-visible:outline-hidden relative flex w-full min-w-0 flex-col agent-turn\" data-conversation-screenshot-content=\"\">\n<div class=\"flex max-w-full flex-col gap-4 grow\">\n<div class=\"min-h-8 text-message relative flex w-full flex-col items-end gap-2 text-start break-words whitespace-normal outline-none keyboard-focused:focus-ring [.text-message+&amp;]:mt-1\" dir=\"auto\" tabindex=\"0\" data-message-author-role=\"assistant\" data-message-id=\"1cb9ad00-0644-45f9-b10d-d6e785ba9408\" data-message-model-slug=\"gpt-5-5\" data-turn-start-message=\"true\">\n<div class=\"flex w-full flex-col gap-1 empty:hidden\">\n<div class=\"markdown prose dark:prose-invert wrap-break-word w-full light markdown-new-styling\">\n<p data-start=\"86\" data-end=\"281\">Doi b\u0103rba\u021bi, viza\u021bi de perchezi\u021biile desf\u0103\u0219urate mar\u021bi de poli\u021bi\u0219tii gorjeni \u00een municipiul Deva, au fost re\u021binu\u021bi pentru 24 de ore \u0219i urmeaz\u0103 s\u0103 fie prezenta\u021bi procurorilor cu propuneri legale.\u00a0Poli\u021bi\u0219tii Serviciului de Investiga\u021bii Criminale Gorj au dispus m\u0103sura re\u021binerii fa\u021b\u0103 de doi b\u0103rba\u021bi, de 18 \u0219i 32 de ani, ambii din T\u00e2rgu Jiu, cerceta\u021bi pentru lovire sau alte violen\u021be, tulburarea ordinii \u0219i lini\u0219tii publice \u0219i r\u0103zbunare pentru ajutorul dat justi\u021biei.<\/p>\n<p data-start=\"553\" data-end=\"912\">Potrivit anchetatorilor, t\u00e2n\u0103rul de 18 ani este acuzat c\u0103, \u00een cursul lunii iulie, ar fi agresat un minor de 15 ani \u00een municipiul T\u00e2rgu Jiu, provoc\u00e2ndu-i leziuni cu un obiect t\u0103ietor-\u00een\u021bep\u0103tor. Cel de-al doilea suspect, \u00een v\u00e2rst\u0103 de 32 de ani, este b\u0103nuit c\u0103 ar fi amenin\u021bat, \u00een mediul online, o persoan\u0103 care avea calitatea de participant \u00eentr-un dosar penal.<\/p>\n<p data-start=\"914\" data-end=\"1139\">Re\u021binerea celor doi vine dup\u0103 ce, \u00een cursul zilei de 28 iulie, poli\u021bi\u0219tii din Gorj, \u00eempreun\u0103 cu colegii din Hunedoara, au pus \u00een executare trei mandate de perchezi\u021bie domiciliar\u0103 \u00een municipiul Deva \u0219i dou\u0103 mandate de aducere.\u00a0Cei doi au fost \u00eencarcera\u021bi \u00een Centrul de Re\u021binere \u0219i Arestare Preventiv\u0103 al IPJ Gorj, iar miercuri, 29 iulie, urmeaz\u0103 s\u0103 fie prezenta\u021bi Parchetului de pe l\u00e2ng\u0103 Judec\u0103toria T\u00e2rgu Jiu cu propunerile legale. Ac\u021biunea a beneficiat de sprijinul poli\u021bi\u0219tilor din IPJ Hunedoara, al lupt\u0103torilor Serviciilor pentru Ac\u021biuni Speciale din Gorj \u0219i Hunedoara, precum \u0219i al structurilor de specialitate din cadrul IGPR.<\/p>\n<\/div>\n<\/div>\n<\/div>\n<\/div>\n<div class=\"z-0 flex min-h-[46px] justify-start\"><\/div>\n<div class=\"mt-3 w-full empty:hidden\">\n<div class=\"text-center\"><\/div>\n<\/div>\n<\/div>\n<div class=\"[--thread-content-max-width:40rem] @w-lg\/main:[--thread-content-max-width:48rem] mx-auto max-w-(--thread-content-max-width) flex-1\" data-conversation-screenshot-content=\"\">\n<div><\/div>\n<\/div>\n<\/div>\n<\/section>\n<\/div>\n<\/div>\n<div class=\"pointer-events-none -mt-px h-px translate-y-(--scroll-root-safe-area-inset-bottom)\" aria-hidden=\"true\"><\/div>\n","protected":false},"excerpt":{"rendered":"<p class=\"text-justify mb-2\" >Doi b\u0103rba\u021bi, viza\u021bi de perchezi\u021biile desf\u0103\u0219urate mar\u021bi de poli\u021bi\u0219tii gorjeni \u00een municipiul Deva, au fost re\u021binu\u021bi pentru 24 de ore \u0219i urmeaz\u0103 s\u0103 fie prezenta\u021bi procurorilor cu propuneri legale.\u00a0Poli\u021bi\u0219tii Serviciului de Investiga\u021bii Criminale Gorj au dispus m\u0103sura re\u021binerii fa\u021b\u0103 de doi b\u0103rba\u021bi, de 18 \u0219i [&hellip;]<\/p>\n","protected":false},"author":2,"featured_media":7135,"comment_status":"open","ping_status":"open","sticky":false,"template":"","format":"standard","meta":{"footnotes":""},"categories":[13,4],"tags":[],"class_list":["post-7134","post","type-post","status-publish","format-standard","has-post-thumbnail","hentry","category-eveniment","category-ultima-ora"],"_links":{"self":[{"href":"https:\/\/radarmedia.ro\/index.php\/wp-json\/wp\/v2\/posts\/7134","targetHints":{"allow":["GET"]}}],"collection":[{"href":"https:\/\/radarmedia.ro\/index.php\/wp-json\/wp\/v2\/posts"}],"about":[{"href":"https:\/\/radarmedia.ro\/index.php\/wp-json\/wp\/v2\/types\/post"}],"author":[{"embeddable":true,"href":"https:\/\/radarmedia.ro\/index.php\/wp-json\/wp\/v2\/users\/2"}],"replies":[{"embeddable":true,"href":"https:\/\/radarmedia.ro\/index.php\/wp-json\/wp\/v2\/comments?post=7134"}],"version-history":[{"count":2,"href":"https:\/\/radarmedia.ro\/index.php\/wp-json\/wp\/v2\/posts\/7134\/revisions"}],"predecessor-version":[{"id":7137,"href":"https:\/\/radarmedia.ro\/index.php\/wp-json\/wp\/v2\/posts\/7134\/revisions\/7137"}],"wp:featuredmedia":[{"embeddable":true,"href":"https:\/\/radarmedia.ro\/index.php\/wp-json\/wp\/v2\/media\/7135"}],"wp:attachment":[{"href":"https:\/\/radarmedia.ro\/index.php\/wp-json\/wp\/v2\/media?parent=7134"}],"wp:term":[{"taxonomy":"category","embeddable":true,"href":"https:\/\/radarmedia.ro\/index.php\/wp-json\/wp\/v2\/categories?post=7134"},{"taxonomy":"post_tag","embeddable":true,"href":"https:\/\/radarmedia.ro\/index.php\/wp-json\/wp\/v2\/tags?post=7134"}],"curies":[{"name":"wp","href":"https:\/\/api.w.org\/{rel}","templated":true}]}}