{"id":7141,"date":"2026-07-29T14:57:42","date_gmt":"2026-07-29T11:57:42","guid":{"rendered":"https:\/\/radarmedia.ro\/?p=7141"},"modified":"2026-07-29T14:57:42","modified_gmt":"2026-07-29T11:57:42","slug":"corina-chiriac-ajunge-la-pestisani-artista-deschide-festivalul-de-film-acasa-la-brancusi","status":"publish","type":"post","link":"https:\/\/radarmedia.ro\/index.php\/2026\/07\/29\/corina-chiriac-ajunge-la-pestisani-artista-deschide-festivalul-de-film-acasa-la-brancusi\/","title":{"rendered":"Corina Chiriac ajunge la Pe\u0219ti\u0219ani. Artista deschide Festivalul de Film \u201eAcas\u0103 la Br\u00e2ncu\u0219i\u201d"},"content":{"rendered":"<div class=\"qMYqUG_convSearchResultHighlightRoot\">\n<div class=\"\" data-turn-id-container=\"request-6a69c8ea-841c-83ed-b4a3-afb5e9a6a94a-0\" data-is-intersecting=\"true\">\n<section class=\"text-token-text-primary w-full focus:outline-none has-data-writing-block:pointer-events-none [&amp;:has([data-writing-block])&gt;*]:pointer-events-auto R6Vx5W_threadScrollVars scroll-mb-[calc(var(--scroll-root-safe-area-inset-bottom,0px)+var(--thread-response-height))] scroll-mt-[calc(var(--header-height)+min(200px,max(70px,20svh)))]\" dir=\"auto\" data-turn-id=\"request-6a69c8ea-841c-83ed-b4a3-afb5e9a6a94a-0\" data-turn-id-container=\"request-6a69c8ea-841c-83ed-b4a3-afb5e9a6a94a-0\" data-testid=\"conversation-turn-36\" data-turn=\"assistant\">\n<div class=\"text-base my-auto mx-auto pb-8 [--thread-content-margin:var(--thread-content-margin-xs,calc(var(--spacing)*4))] @w-sm\/main:[--thread-content-margin:var(--thread-content-margin-sm,calc(var(--spacing)*6))] @w-lg\/main:[--thread-content-margin:var(--thread-content-margin-lg,calc(var(--spacing)*16))] px-(--thread-content-margin)\">\n<div class=\"[--thread-content-max-width:40rem] @w-lg\/main:[--thread-content-max-width:48rem] mx-auto max-w-(--thread-content-max-width) flex-1 group\/turn-messages focus-visible:outline-hidden relative flex w-full min-w-0 flex-col agent-turn\" data-conversation-screenshot-content=\"\">\n<div class=\"flex max-w-full flex-col gap-4 grow\">\n<div class=\"min-h-8 text-message relative flex w-full flex-col items-end gap-2 text-start break-words whitespace-normal outline-none keyboard-focused:focus-ring [.text-message+&amp;]:mt-1\" dir=\"auto\" tabindex=\"0\" data-message-author-role=\"assistant\" data-message-id=\"f2fa858a-c1bc-4878-a345-1fef88baeead\" data-message-model-slug=\"gpt-5-5\" data-turn-start-message=\"true\">\n<div class=\"flex w-full flex-col gap-1 empty:hidden\">\n<div class=\"markdown prose dark:prose-invert wrap-break-word w-full light markdown-new-styling\">\n<p data-start=\"119\" data-end=\"430\">Una dintre cele mai iubite artiste ale muzicii rom\u00e2ne\u0219ti, <span class=\"hover:entity-accent entity-underline inline cursor-pointer align-baseline\"><span class=\"whitespace-normal\">Corina Chiriac<\/span><\/span>, va urca pentru prima dat\u0103 pe o scen\u0103 din Gorj. Anun\u021bul a fost f\u0103cut de organizatorii DiscoverPe\u0219ti\u0219ani, care au dezv\u0103luit invitatul special al serii de deschidere a Festivalului de Film \u201eAcas\u0103 la Br\u00e2ncu\u0219i\u201d.\u00a0Evenimentul va avea loc pe 4 august, de la ora 20:00, \u00een Poiana Nucet din Pe\u0219ti\u0219ani, iar publicul va avea parte de mai mult dec\u00e2t un recital. Corina Chiriac \u00ee\u0219i va prezenta \u0219i cartea, va intra \u00een dialog cu spectatorii \u0219i va oferi autografe celor prezen\u021bi.\u00a0\u201eUnele \u00eent\u00e2lniri devin amintiri pentru o via\u021b\u0103\u201d, este mesajul prin care organizatorii \u00eei invit\u0103 pe gorjeni la deschiderea festivalului, promi\u021b\u00e2nd o sear\u0103 dedicat\u0103 muzicii, pove\u0219tilor \u0219i emo\u021biei.<\/p>\n<p data-start=\"893\" data-end=\"1395\" data-is-last-node=\"\" data-is-only-node=\"\">Festivalul de Film \u201eAcas\u0103 la Br\u00e2ncu\u0219i\u201d se desf\u0103\u0219oar\u0103 \u00een perioada 4\u20138 august \u0219i face parte din proiectul cultural \u201ePe\u0219ti\u0219ani \u2013 Acas\u0103 la Br\u00e2ncu\u0219i, 150 de ani de art\u0103 \u0219i genialitate\u201d, organizat cu prilejul anivers\u0103rii a 150 de ani de la na\u0219terea lui <span class=\"hover:entity-accent entity-underline inline cursor-pointer align-baseline\"><span class=\"whitespace-normal\">Constantin Br\u00e2ncu\u0219i<\/span><\/span>.<\/p>\n<\/div>\n<\/div>\n<\/div>\n<\/div>\n<div class=\"z-0 flex min-h-[46px] justify-start\"><\/div>\n<div class=\"mt-3 w-full empty:hidden\">\n<div class=\"text-center\"><\/div>\n<\/div>\n<\/div>\n<div class=\"[--thread-content-max-width:40rem] @w-lg\/main:[--thread-content-max-width:48rem] mx-auto max-w-(--thread-content-max-width) flex-1\" data-conversation-screenshot-content=\"\">\n<div><\/div>\n<\/div>\n<\/div>\n<\/section>\n<\/div>\n<\/div>\n<div class=\"pointer-events-none -mt-px h-px translate-y-(--scroll-root-safe-area-inset-bottom)\" aria-hidden=\"true\"><\/div>\n","protected":false},"excerpt":{"rendered":"<p class=\"text-justify mb-2\" >Una dintre cele mai iubite artiste ale muzicii rom\u00e2ne\u0219ti, Corina Chiriac, va urca pentru prima dat\u0103 pe o scen\u0103 din Gorj. Anun\u021bul a fost f\u0103cut de organizatorii DiscoverPe\u0219ti\u0219ani, care au dezv\u0103luit invitatul special al serii de deschidere a Festivalului de Film \u201eAcas\u0103 la Br\u00e2ncu\u0219i\u201d.\u00a0Evenimentul va [&hellip;]<\/p>\n","protected":false},"author":2,"featured_media":7142,"comment_status":"open","ping_status":"open","sticky":false,"template":"","format":"standard","meta":{"footnotes":""},"categories":[5,4],"tags":[],"class_list":["post-7141","post","type-post","status-publish","format-standard","has-post-thumbnail","hentry","category-actualitate","category-ultima-ora"],"_links":{"self":[{"href":"https:\/\/radarmedia.ro\/index.php\/wp-json\/wp\/v2\/posts\/7141","targetHints":{"allow":["GET"]}}],"collection":[{"href":"https:\/\/radarmedia.ro\/index.php\/wp-json\/wp\/v2\/posts"}],"about":[{"href":"https:\/\/radarmedia.ro\/index.php\/wp-json\/wp\/v2\/types\/post"}],"author":[{"embeddable":true,"href":"https:\/\/radarmedia.ro\/index.php\/wp-json\/wp\/v2\/users\/2"}],"replies":[{"embeddable":true,"href":"https:\/\/radarmedia.ro\/index.php\/wp-json\/wp\/v2\/comments?post=7141"}],"version-history":[{"count":1,"href":"https:\/\/radarmedia.ro\/index.php\/wp-json\/wp\/v2\/posts\/7141\/revisions"}],"predecessor-version":[{"id":7143,"href":"https:\/\/radarmedia.ro\/index.php\/wp-json\/wp\/v2\/posts\/7141\/revisions\/7143"}],"wp:featuredmedia":[{"embeddable":true,"href":"https:\/\/radarmedia.ro\/index.php\/wp-json\/wp\/v2\/media\/7142"}],"wp:attachment":[{"href":"https:\/\/radarmedia.ro\/index.php\/wp-json\/wp\/v2\/media?parent=7141"}],"wp:term":[{"taxonomy":"category","embeddable":true,"href":"https:\/\/radarmedia.ro\/index.php\/wp-json\/wp\/v2\/categories?post=7141"},{"taxonomy":"post_tag","embeddable":true,"href":"https:\/\/radarmedia.ro\/index.php\/wp-json\/wp\/v2\/tags?post=7141"}],"curies":[{"name":"wp","href":"https:\/\/api.w.org\/{rel}","templated":true}]}}