{"id":7144,"date":"2026-07-29T15:00:37","date_gmt":"2026-07-29T12:00:37","guid":{"rendered":"https:\/\/radarmedia.ro\/?p=7144"},"modified":"2026-07-29T15:00:37","modified_gmt":"2026-07-29T12:00:37","slug":"patru-parcuri-fotovoltaice-de-395-mw-in-gorj-intra-in-linie-executie-constructorul-o-asociere-internationala-de-companii","status":"publish","type":"post","link":"https:\/\/radarmedia.ro\/index.php\/2026\/07\/29\/patru-parcuri-fotovoltaice-de-395-mw-in-gorj-intra-in-linie-executie-constructorul-o-asociere-internationala-de-companii\/","title":{"rendered":"Patru parcuri fotovoltaice de 395 MW \u00een Gorj intr\u0103 \u00een linie execu\u021bie. Constructorul, o asociere interna\u021bional\u0103 de companii"},"content":{"rendered":"<div class=\"relative basis-auto flex-col -mb-(--composer-overlap-px) pb-(--composer-overlap-px) [--composer-overlap-px:28px] grow flex\">\n<div class=\"flex min-h-0 grow flex-col text-sm\">\n<div class=\"qMYqUG_convSearchResultHighlightRoot\">\n<div class=\"\" data-turn-id-container=\"request-6a69c8ea-841c-83ed-b4a3-afb5e9a6a94a-1\" data-is-intersecting=\"true\">\n<section class=\"text-token-text-primary w-full focus:outline-none has-data-writing-block:pointer-events-none [&amp;:has([data-writing-block])&gt;*]:pointer-events-auto R6Vx5W_threadScrollVars scroll-mb-[calc(var(--scroll-root-safe-area-inset-bottom,0px)+var(--thread-response-height))] scroll-mt-[calc(var(--header-height)+min(200px,max(70px,20svh)))]\" dir=\"auto\" data-turn-id=\"request-6a69c8ea-841c-83ed-b4a3-afb5e9a6a94a-1\" data-turn-id-container=\"request-6a69c8ea-841c-83ed-b4a3-afb5e9a6a94a-1\" data-testid=\"conversation-turn-38\" data-turn=\"assistant\">\n<div class=\"text-base my-auto mx-auto pb-8 [--thread-content-margin:var(--thread-content-margin-xs,calc(var(--spacing)*4))] @w-sm\/main:[--thread-content-margin:var(--thread-content-margin-sm,calc(var(--spacing)*6))] @w-lg\/main:[--thread-content-margin:var(--thread-content-margin-lg,calc(var(--spacing)*16))] px-(--thread-content-margin)\">\n<div class=\"[--thread-content-max-width:40rem] @w-lg\/main:[--thread-content-max-width:48rem] mx-auto max-w-(--thread-content-max-width) flex-1 group\/turn-messages focus-visible:outline-hidden relative flex w-full min-w-0 flex-col agent-turn\" data-conversation-screenshot-content=\"\">\n<div class=\"flex max-w-full flex-col gap-4 grow\">\n<div class=\"min-h-8 text-message relative flex w-full flex-col items-end gap-2 text-start break-words whitespace-normal outline-none keyboard-focused:focus-ring [.text-message+&amp;]:mt-1\" dir=\"auto\" tabindex=\"0\" data-message-author-role=\"assistant\" data-message-id=\"26e7b559-41cd-4106-bbf1-d0c9bbdd3f71\" data-message-model-slug=\"gpt-5-5\" data-turn-start-message=\"true\">\n<div class=\"flex w-full flex-col gap-1 empty:hidden\">\n<div class=\"markdown prose dark:prose-invert wrap-break-word w-full light markdown-new-styling\">\n<p class=\"PDq2pG_selectionAnchorContainer\" data-start=\"0\" data-end=\"231\">CEO \u0219i Tinmar au finalizat licita\u021bia pentru cele patru parcuri fotovoltaice din Gorj. Investi\u021biile, \u00een valoare de 243 de milioane de euro, intr\u0103 \u00een etapa de proiectare \u0219i execu\u021bie, dup\u0103 \u00eencheierea procedurilor de atribuire.\u00a0Constructorul desemnat este asocierea format\u0103 din China Civil Engineering Construction Corporation Rom\u00e2nia, lider de proiect, \u0219i compania spaniol\u0103 Aeronaval de Construcciones e Instalaciones. Cele patru parcuri fotovoltaice vor avea o capacitate instalat\u0103 total\u0103 de aproximativ 395 de megawa\u021bi \u0219i fac parte din Planul de restructurare \u0219i decarbonare al Complexului Energetic Oltenia.<\/p>\n<p data-start=\"630\" data-end=\"961\" data-is-last-node=\"\" data-is-only-node=\"\">Conducerea companiei sus\u021bine c\u0103 proiectele vor contribui la diversificarea produc\u021biei de energie \u0219i la consolidarea securit\u0103\u021bii energetice a Rom\u00e2niei. Parteneriatul dintre CEO \u0219i Tinmar mai include \u0219i o central\u0103 pe gaze de 475 de megawa\u021bi, astfel c\u0103 valoarea total\u0103 a investi\u021biilor comune dep\u0103\u0219e\u0219te 700 de milioane de euro.<\/p>\n<\/div>\n<\/div>\n<\/div>\n<\/div>\n<\/div>\n<\/div>\n<\/section>\n<\/div>\n<\/div>\n<\/div>\n<\/div>\n","protected":false},"excerpt":{"rendered":"<p class=\"text-justify mb-2\" >CEO \u0219i Tinmar au finalizat licita\u021bia pentru cele patru parcuri fotovoltaice din Gorj. Investi\u021biile, \u00een valoare de 243 de milioane de euro, intr\u0103 \u00een etapa de proiectare \u0219i execu\u021bie, dup\u0103 \u00eencheierea procedurilor de atribuire.\u00a0Constructorul desemnat este asocierea format\u0103 din China Civil Engineering Construction Corporation Rom\u00e2nia, [&hellip;]<\/p>\n","protected":false},"author":2,"featured_media":2236,"comment_status":"open","ping_status":"open","sticky":false,"template":"","format":"standard","meta":{"footnotes":""},"categories":[7,4],"tags":[],"class_list":["post-7144","post","type-post","status-publish","format-standard","has-post-thumbnail","hentry","category-economie","category-ultima-ora"],"_links":{"self":[{"href":"https:\/\/radarmedia.ro\/index.php\/wp-json\/wp\/v2\/posts\/7144","targetHints":{"allow":["GET"]}}],"collection":[{"href":"https:\/\/radarmedia.ro\/index.php\/wp-json\/wp\/v2\/posts"}],"about":[{"href":"https:\/\/radarmedia.ro\/index.php\/wp-json\/wp\/v2\/types\/post"}],"author":[{"embeddable":true,"href":"https:\/\/radarmedia.ro\/index.php\/wp-json\/wp\/v2\/users\/2"}],"replies":[{"embeddable":true,"href":"https:\/\/radarmedia.ro\/index.php\/wp-json\/wp\/v2\/comments?post=7144"}],"version-history":[{"count":1,"href":"https:\/\/radarmedia.ro\/index.php\/wp-json\/wp\/v2\/posts\/7144\/revisions"}],"predecessor-version":[{"id":7145,"href":"https:\/\/radarmedia.ro\/index.php\/wp-json\/wp\/v2\/posts\/7144\/revisions\/7145"}],"wp:featuredmedia":[{"embeddable":true,"href":"https:\/\/radarmedia.ro\/index.php\/wp-json\/wp\/v2\/media\/2236"}],"wp:attachment":[{"href":"https:\/\/radarmedia.ro\/index.php\/wp-json\/wp\/v2\/media?parent=7144"}],"wp:term":[{"taxonomy":"category","embeddable":true,"href":"https:\/\/radarmedia.ro\/index.php\/wp-json\/wp\/v2\/categories?post=7144"},{"taxonomy":"post_tag","embeddable":true,"href":"https:\/\/radarmedia.ro\/index.php\/wp-json\/wp\/v2\/tags?post=7144"}],"curies":[{"name":"wp","href":"https:\/\/api.w.org\/{rel}","templated":true}]}}