{"id":7146,"date":"2026-07-29T15:02:43","date_gmt":"2026-07-29T12:02:43","guid":{"rendered":"https:\/\/radarmedia.ro\/?p=7146"},"modified":"2026-07-29T15:02:43","modified_gmt":"2026-07-29T12:02:43","slug":"un-nou-val-de-canicula-loveste-oltenia-temperaturile-vor-depasi-35-de-grade","status":"publish","type":"post","link":"https:\/\/radarmedia.ro\/index.php\/2026\/07\/29\/un-nou-val-de-canicula-loveste-oltenia-temperaturile-vor-depasi-35-de-grade\/","title":{"rendered":"Un nou val de canicul\u0103 love\u0219te Oltenia. Temperaturile vor dep\u0103\u0219i 35 de grade"},"content":{"rendered":"<div class=\"qMYqUG_convSearchResultHighlightRoot\">\n<div class=\"\" data-turn-id-container=\"request-6a69c8ea-841c-83ed-b4a3-afb5e9a6a94a-2\" data-is-intersecting=\"true\">\n<section class=\"text-token-text-primary w-full focus:outline-none has-data-writing-block:pointer-events-none [&amp;:has([data-writing-block])&gt;*]:pointer-events-auto R6Vx5W_threadScrollVars scroll-mb-[calc(var(--scroll-root-safe-area-inset-bottom,0px)+var(--thread-response-height))] scroll-mt-[calc(var(--header-height)+min(200px,max(70px,20svh)))]\" dir=\"auto\" data-turn-id=\"request-6a69c8ea-841c-83ed-b4a3-afb5e9a6a94a-2\" data-turn-id-container=\"request-6a69c8ea-841c-83ed-b4a3-afb5e9a6a94a-2\" data-testid=\"conversation-turn-40\" data-turn=\"assistant\">\n<div class=\"text-base my-auto mx-auto pb-8 [--thread-content-margin:var(--thread-content-margin-xs,calc(var(--spacing)*4))] @w-sm\/main:[--thread-content-margin:var(--thread-content-margin-sm,calc(var(--spacing)*6))] @w-lg\/main:[--thread-content-margin:var(--thread-content-margin-lg,calc(var(--spacing)*16))] px-(--thread-content-margin)\">\n<div class=\"[--thread-content-max-width:40rem] @w-lg\/main:[--thread-content-max-width:48rem] mx-auto max-w-(--thread-content-max-width) flex-1 group\/turn-messages focus-visible:outline-hidden relative flex w-full min-w-0 flex-col agent-turn\" data-conversation-screenshot-content=\"\">\n<div class=\"flex max-w-full flex-col gap-4 grow\">\n<div class=\"min-h-8 text-message relative flex w-full flex-col items-end gap-2 text-start break-words whitespace-normal outline-none keyboard-focused:focus-ring [.text-message+&amp;]:mt-1\" dir=\"auto\" tabindex=\"0\" data-message-author-role=\"assistant\" data-message-id=\"8b566e43-081d-4c34-8c2b-3680119635f5\" data-message-model-slug=\"gpt-5-5\" data-turn-start-message=\"true\">\n<div class=\"flex w-full flex-col gap-1 empty:hidden\">\n<div class=\"markdown prose dark:prose-invert wrap-break-word w-full light markdown-new-styling\">\n<p data-start=\"102\" data-end=\"409\">Oltenia se preg\u0103te\u0219te pentru un nou episod de canicul\u0103. Potrivit Administra\u021biei Na\u021bionale de Meteorologie, valul de c\u0103ldur\u0103 care \u00eencepe joi, 30 iulie, \u00een vestul \u021b\u0103rii se va extinde rapid, iar de la sf\u00e2r\u0219itul acestei s\u0103pt\u0103m\u00e2ni \u0219i \u00eenceputul s\u0103pt\u0103m\u00e2nii viitoare va cuprinde \u0219i jude\u021bele din sud-vestul Rom\u00e2niei.\u00a0Meteorologii estimeaz\u0103 c\u0103, \u00een weekend, \u00een Oltenia vor fi \u00eenregistrate temperaturi de aproximativ 35 de grade Celsius, iar de luni, 3 august, c\u0103ldura se va intensifica. Disconfortul termic va fi accentuat, iar vremea canicular\u0103 ar putea persista p\u00e2n\u0103 \u00een jurul datei de 9 august.<\/p>\n<p data-start=\"698\" data-end=\"916\">Potrivit ANM, noul episod de canicul\u0103 este provocat de p\u0103trunderea unei mase de aer tropical din nordul Africii, care va aduce temperaturi foarte ridicate \u00een cea mai mare parte a Rom\u00e2niei \u0219i un deficit de precipita\u021bii.\u00a0Speciali\u0219tii recomand\u0103 popula\u021biei s\u0103 evite expunerea prelungit\u0103 la soare \u00een orele de v\u00e2rf, s\u0103 consume suficiente lichide \u0219i s\u0103 limiteze efortul fizic \u00een aer liber.<\/p>\n<\/div>\n<\/div>\n<\/div>\n<\/div>\n<div class=\"z-0 flex min-h-[46px] justify-start\"><\/div>\n<div class=\"mt-3 w-full empty:hidden\">\n<div class=\"text-center\"><\/div>\n<\/div>\n<\/div>\n<div class=\"[--thread-content-max-width:40rem] @w-lg\/main:[--thread-content-max-width:48rem] mx-auto max-w-(--thread-content-max-width) flex-1\" data-conversation-screenshot-content=\"\">\n<div><\/div>\n<\/div>\n<\/div>\n<\/section>\n<\/div>\n<\/div>\n<div class=\"pointer-events-none -mt-px h-px translate-y-(--scroll-root-safe-area-inset-bottom)\" aria-hidden=\"true\"><\/div>\n","protected":false},"excerpt":{"rendered":"<p class=\"text-justify mb-2\" >Oltenia se preg\u0103te\u0219te pentru un nou episod de canicul\u0103. Potrivit Administra\u021biei Na\u021bionale de Meteorologie, valul de c\u0103ldur\u0103 care \u00eencepe joi, 30 iulie, \u00een vestul \u021b\u0103rii se va extinde rapid, iar de la sf\u00e2r\u0219itul acestei s\u0103pt\u0103m\u00e2ni \u0219i \u00eenceputul s\u0103pt\u0103m\u00e2nii viitoare va cuprinde \u0219i jude\u021bele din sud-vestul [&hellip;]<\/p>\n","protected":false},"author":2,"featured_media":5979,"comment_status":"open","ping_status":"open","sticky":false,"template":"","format":"standard","meta":{"footnotes":""},"categories":[6,4],"tags":[],"class_list":["post-7146","post","type-post","status-publish","format-standard","has-post-thumbnail","hentry","category-national","category-ultima-ora"],"_links":{"self":[{"href":"https:\/\/radarmedia.ro\/index.php\/wp-json\/wp\/v2\/posts\/7146","targetHints":{"allow":["GET"]}}],"collection":[{"href":"https:\/\/radarmedia.ro\/index.php\/wp-json\/wp\/v2\/posts"}],"about":[{"href":"https:\/\/radarmedia.ro\/index.php\/wp-json\/wp\/v2\/types\/post"}],"author":[{"embeddable":true,"href":"https:\/\/radarmedia.ro\/index.php\/wp-json\/wp\/v2\/users\/2"}],"replies":[{"embeddable":true,"href":"https:\/\/radarmedia.ro\/index.php\/wp-json\/wp\/v2\/comments?post=7146"}],"version-history":[{"count":1,"href":"https:\/\/radarmedia.ro\/index.php\/wp-json\/wp\/v2\/posts\/7146\/revisions"}],"predecessor-version":[{"id":7147,"href":"https:\/\/radarmedia.ro\/index.php\/wp-json\/wp\/v2\/posts\/7146\/revisions\/7147"}],"wp:featuredmedia":[{"embeddable":true,"href":"https:\/\/radarmedia.ro\/index.php\/wp-json\/wp\/v2\/media\/5979"}],"wp:attachment":[{"href":"https:\/\/radarmedia.ro\/index.php\/wp-json\/wp\/v2\/media?parent=7146"}],"wp:term":[{"taxonomy":"category","embeddable":true,"href":"https:\/\/radarmedia.ro\/index.php\/wp-json\/wp\/v2\/categories?post=7146"},{"taxonomy":"post_tag","embeddable":true,"href":"https:\/\/radarmedia.ro\/index.php\/wp-json\/wp\/v2\/tags?post=7146"}],"curies":[{"name":"wp","href":"https:\/\/api.w.org\/{rel}","templated":true}]}}