{"id":7148,"date":"2026-07-30T15:21:05","date_gmt":"2026-07-30T12:21:05","guid":{"rendered":"https:\/\/radarmedia.ro\/?p=7148"},"modified":"2026-07-30T15:21:05","modified_gmt":"2026-07-30T12:21:05","slug":"ajutor-de-63-euro-pe-hectar-pentru-agricultorii-afectati-de-seceta-in-2025","status":"publish","type":"post","link":"https:\/\/radarmedia.ro\/index.php\/2026\/07\/30\/ajutor-de-63-euro-pe-hectar-pentru-agricultorii-afectati-de-seceta-in-2025\/","title":{"rendered":"Ajutor de 63 euro pe hectar, pentru agricultorii afecta\u021bi de secet\u0103 \u00een 2025"},"content":{"rendered":"<p>Fermierii care au cultivat porumb \u0219i floarea-soarelui \u0219i au \u00eenregistrat pierderi din cauza secetei pedologice din 2025 ar putea primi un sprijin de p\u00e2n\u0103 la 333 de lei, echivalentul a 63 de euro pe hectar. Ministerul Agriculturii a pus \u00een consultare public\u0103 proiectul de hot\u0103r\u00e2re privind acordarea ajutorului. Sprijinul va fi destinat culturilor afectate \u00een propor\u021bie de cel pu\u021bin 30%, iar pentru suprafe\u021bele cu pagube de 90%-100% se va acorda valoarea maxim\u0103.<\/p>\n<p>Schema va avea un buget de 155,36 milioane de lei, jum\u0103tate din fonduri europene \u0219i jum\u0103tate de la bugetul de stat. Plata va fi gestionat\u0103 de APIA. La nivel na\u021bional, seceta din 2025 a afectat peste 553.000 de hectare cultivate cu porumb \u0219i floarea-soarelui.<\/p>\n<p>&nbsp;<\/p>\n","protected":false},"excerpt":{"rendered":"<p class=\"text-justify mb-2\" >Fermierii care au cultivat porumb \u0219i floarea-soarelui \u0219i au \u00eenregistrat pierderi din cauza secetei pedologice din 2025 ar putea primi un sprijin de p\u00e2n\u0103 la 333 de lei, echivalentul a 63 de euro pe hectar. Ministerul Agriculturii a pus \u00een consultare public\u0103 proiectul de hot\u0103r\u00e2re [&hellip;]<\/p>\n","protected":false},"author":2,"featured_media":7149,"comment_status":"open","ping_status":"open","sticky":false,"template":"","format":"standard","meta":{"footnotes":""},"categories":[6,4],"tags":[],"class_list":["post-7148","post","type-post","status-publish","format-standard","has-post-thumbnail","hentry","category-national","category-ultima-ora"],"_links":{"self":[{"href":"https:\/\/radarmedia.ro\/index.php\/wp-json\/wp\/v2\/posts\/7148","targetHints":{"allow":["GET"]}}],"collection":[{"href":"https:\/\/radarmedia.ro\/index.php\/wp-json\/wp\/v2\/posts"}],"about":[{"href":"https:\/\/radarmedia.ro\/index.php\/wp-json\/wp\/v2\/types\/post"}],"author":[{"embeddable":true,"href":"https:\/\/radarmedia.ro\/index.php\/wp-json\/wp\/v2\/users\/2"}],"replies":[{"embeddable":true,"href":"https:\/\/radarmedia.ro\/index.php\/wp-json\/wp\/v2\/comments?post=7148"}],"version-history":[{"count":1,"href":"https:\/\/radarmedia.ro\/index.php\/wp-json\/wp\/v2\/posts\/7148\/revisions"}],"predecessor-version":[{"id":7150,"href":"https:\/\/radarmedia.ro\/index.php\/wp-json\/wp\/v2\/posts\/7148\/revisions\/7150"}],"wp:featuredmedia":[{"embeddable":true,"href":"https:\/\/radarmedia.ro\/index.php\/wp-json\/wp\/v2\/media\/7149"}],"wp:attachment":[{"href":"https:\/\/radarmedia.ro\/index.php\/wp-json\/wp\/v2\/media?parent=7148"}],"wp:term":[{"taxonomy":"category","embeddable":true,"href":"https:\/\/radarmedia.ro\/index.php\/wp-json\/wp\/v2\/categories?post=7148"},{"taxonomy":"post_tag","embeddable":true,"href":"https:\/\/radarmedia.ro\/index.php\/wp-json\/wp\/v2\/tags?post=7148"}],"curies":[{"name":"wp","href":"https:\/\/api.w.org\/{rel}","templated":true}]}}