{"id":7151,"date":"2026-07-30T15:22:36","date_gmt":"2026-07-30T12:22:36","guid":{"rendered":"https:\/\/radarmedia.ro\/?p=7151"},"modified":"2026-07-30T15:22:36","modified_gmt":"2026-07-30T12:22:36","slug":"tanar-ranit-dupa-ce-a-intrat-cu-masina-intr-un-sant-la-targu-jiu-era-beat","status":"publish","type":"post","link":"https:\/\/radarmedia.ro\/index.php\/2026\/07\/30\/tanar-ranit-dupa-ce-a-intrat-cu-masina-intr-un-sant-la-targu-jiu-era-beat\/","title":{"rendered":"T\u00e2n\u0103r r\u0103nit dup\u0103 ce a intrat cu ma\u0219ina \u00eentr-un \u0219an\u021b, la T\u00e2rgu Jiu. Era beat"},"content":{"rendered":"<p data-start=\"85\" data-end=\"264\">Un t\u00e2n\u0103r de 24 de ani, din B\u00e2lteni, a fost r\u0103nit \u00eentr-un accident produs pe strada Arethia T\u0103t\u0103r\u0103scu din T\u00e2rgu Jiu. Evenimentul a avut loc miercuri, \u00een jurul orei 10:15. Potrivit poli\u021bi\u0219tilor, \u00eentr-o curb\u0103, t\u00e2n\u0103rul ar fi pierdut controlul asupra autoturismului, a p\u0103r\u0103sit partea carosabil\u0103 \u0219i a ajuns \u00een \u0219an\u021bul pluvial.<\/p>\n<p data-start=\"417\" data-end=\"595\">Conduc\u0103torul auto a fost transportat la Unitatea de Primiri Urgen\u021be pentru \u00eengrijiri medicale. Testarea cu aparatul etilotest a indicat 1,15 mg\/l alcool pur \u00een aerul expirat.\u00a0Poli\u021bi\u0219tii Biroului Rutier T\u00e2rgu Jiu au deschis un dosar penal pentru v\u0103t\u0103mare corporal\u0103 din culp\u0103 \u0219i conducerea unui vehicul sub influen\u021ba alcoolului.<\/p>\n","protected":false},"excerpt":{"rendered":"<p class=\"text-justify mb-2\" >Un t\u00e2n\u0103r de 24 de ani, din B\u00e2lteni, a fost r\u0103nit \u00eentr-un accident produs pe strada Arethia T\u0103t\u0103r\u0103scu din T\u00e2rgu Jiu. Evenimentul a avut loc miercuri, \u00een jurul orei 10:15. Potrivit poli\u021bi\u0219tilor, \u00eentr-o curb\u0103, t\u00e2n\u0103rul ar fi pierdut controlul asupra autoturismului, a p\u0103r\u0103sit partea carosabil\u0103 [&hellip;]<\/p>\n","protected":false},"author":2,"featured_media":6925,"comment_status":"open","ping_status":"open","sticky":false,"template":"","format":"standard","meta":{"footnotes":""},"categories":[13,4],"tags":[],"class_list":["post-7151","post","type-post","status-publish","format-standard","has-post-thumbnail","hentry","category-eveniment","category-ultima-ora"],"_links":{"self":[{"href":"https:\/\/radarmedia.ro\/index.php\/wp-json\/wp\/v2\/posts\/7151","targetHints":{"allow":["GET"]}}],"collection":[{"href":"https:\/\/radarmedia.ro\/index.php\/wp-json\/wp\/v2\/posts"}],"about":[{"href":"https:\/\/radarmedia.ro\/index.php\/wp-json\/wp\/v2\/types\/post"}],"author":[{"embeddable":true,"href":"https:\/\/radarmedia.ro\/index.php\/wp-json\/wp\/v2\/users\/2"}],"replies":[{"embeddable":true,"href":"https:\/\/radarmedia.ro\/index.php\/wp-json\/wp\/v2\/comments?post=7151"}],"version-history":[{"count":1,"href":"https:\/\/radarmedia.ro\/index.php\/wp-json\/wp\/v2\/posts\/7151\/revisions"}],"predecessor-version":[{"id":7152,"href":"https:\/\/radarmedia.ro\/index.php\/wp-json\/wp\/v2\/posts\/7151\/revisions\/7152"}],"wp:featuredmedia":[{"embeddable":true,"href":"https:\/\/radarmedia.ro\/index.php\/wp-json\/wp\/v2\/media\/6925"}],"wp:attachment":[{"href":"https:\/\/radarmedia.ro\/index.php\/wp-json\/wp\/v2\/media?parent=7151"}],"wp:term":[{"taxonomy":"category","embeddable":true,"href":"https:\/\/radarmedia.ro\/index.php\/wp-json\/wp\/v2\/categories?post=7151"},{"taxonomy":"post_tag","embeddable":true,"href":"https:\/\/radarmedia.ro\/index.php\/wp-json\/wp\/v2\/tags?post=7151"}],"curies":[{"name":"wp","href":"https:\/\/api.w.org\/{rel}","templated":true}]}}