{"id":7153,"date":"2026-07-31T08:26:45","date_gmt":"2026-07-31T05:26:45","guid":{"rendered":"https:\/\/radarmedia.ro\/?p=7153"},"modified":"2026-07-31T08:26:45","modified_gmt":"2026-07-31T05:26:45","slug":"amenda-de-60-000-de-lei-pentru-depozitarea-ilegala-a-deseurilor-la-balesti","status":"publish","type":"post","link":"https:\/\/radarmedia.ro\/index.php\/2026\/07\/31\/amenda-de-60-000-de-lei-pentru-depozitarea-ilegala-a-deseurilor-la-balesti\/","title":{"rendered":"Amend\u0103 de 60.000 de lei pentru depozitarea ilegal\u0103 a de\u0219eurilor, la B\u0103le\u0219ti"},"content":{"rendered":"<div class=\"qMYqUG_convSearchResultHighlightRoot\">\n<div class=\"\" data-turn-id-container=\"request-WEB:b7213ac4-6a76-407c-a621-765752e26510-0\" data-is-intersecting=\"true\">\n<section class=\"text-token-text-primary w-full focus:outline-none has-data-writing-block:pointer-events-none [&amp;:has([data-writing-block])&gt;*]:pointer-events-auto R6Vx5W_threadScrollVars scroll-mb-[calc(var(--scroll-root-safe-area-inset-bottom,0px)+var(--thread-response-height))] scroll-mt-[calc(var(--header-height)+min(200px,max(70px,20svh)))]\" dir=\"auto\" data-turn-id=\"request-WEB:b7213ac4-6a76-407c-a621-765752e26510-0\" data-turn-id-container=\"request-WEB:b7213ac4-6a76-407c-a621-765752e26510-0\" data-testid=\"conversation-turn-2\" data-turn=\"assistant\">\n<div class=\"text-base my-auto mx-auto pb-8 [--thread-content-margin:var(--thread-content-margin-xs,calc(var(--spacing)*4))] @w-sm\/main:[--thread-content-margin:var(--thread-content-margin-sm,calc(var(--spacing)*6))] @w-lg\/main:[--thread-content-margin:var(--thread-content-margin-lg,calc(var(--spacing)*16))] px-(--thread-content-margin)\">\n<div class=\"[--thread-content-max-width:40rem] @w-lg\/main:[--thread-content-max-width:48rem] mx-auto max-w-(--thread-content-max-width) flex-1 group\/turn-messages focus-visible:outline-hidden relative flex w-full min-w-0 flex-col agent-turn\" data-conversation-screenshot-content=\"\">\n<div class=\"flex max-w-full flex-col gap-4 grow\">\n<div class=\"min-h-8 text-message relative flex w-full flex-col items-end gap-2 text-start break-words whitespace-normal outline-none keyboard-focused:focus-ring [.text-message+&amp;]:mt-1\" dir=\"auto\" tabindex=\"0\" data-message-author-role=\"assistant\" data-message-id=\"61dc00ba-abea-42e0-83cd-6504f173128c\" data-message-model-slug=\"gpt-5-5\" data-turn-start-message=\"true\">\n<div class=\"flex w-full flex-col gap-1 empty:hidden\">\n<div class=\"markdown prose dark:prose-invert wrap-break-word w-full light markdown-new-styling\">\n<p data-start=\"81\" data-end=\"294\">Un colector de de\u0219euri autorizat din comuna B\u0103le\u0219ti a fost amendat cu 60.000 de lei de comisarii G\u0103rzii de Mediu Gorj, dup\u0103 ce ace\u0219tia au constatat nerespectarea obliga\u021biilor legale privind depozitarea de\u0219eurilor.\u00a0Potrivit G\u0103rzii de Mediu Gorj, operatorii economici care genereaz\u0103, de\u021bin sau colecteaz\u0103 de\u0219euri sunt obliga\u021bi s\u0103 le stocheze \u0219i s\u0103 le depoziteze doar \u00een spa\u021bii special amenajate, astfel \u00eenc\u00e2t s\u0103 nu existe riscuri pentru s\u0103n\u0103tatea popula\u021biei sau pentru mediu.<\/p>\n<p data-start=\"557\" data-end=\"744\">\u00cen urma controlului efectuat la B\u0103le\u0219ti, comisarii au identificat de\u0219euri depozitate cu \u00eenc\u0103lcarea acestor prevederi \u0219i au aplicat operatorului o amend\u0103 contraven\u021bional\u0103 de 60.000 de lei.\u00a0Totodat\u0103, firma a primit m\u0103suri obligatorii pentru gestionarea de\u0219eurilor identificate pe amplasament.<\/p>\n<\/div>\n<\/div>\n<\/div>\n<\/div>\n<div class=\"z-0 flex min-h-[46px] justify-start\"><\/div>\n<div class=\"mt-3 w-full empty:hidden\">\n<div class=\"text-center\"><\/div>\n<\/div>\n<\/div>\n<div class=\"[--thread-content-max-width:40rem] @w-lg\/main:[--thread-content-max-width:48rem] mx-auto max-w-(--thread-content-max-width) flex-1\" data-conversation-screenshot-content=\"\">\n<div><\/div>\n<\/div>\n<\/div>\n<\/section>\n<\/div>\n<\/div>\n<div class=\"pointer-events-none -mt-px h-px translate-y-(--scroll-root-safe-area-inset-bottom)\" aria-hidden=\"true\"><\/div>\n","protected":false},"excerpt":{"rendered":"<p class=\"text-justify mb-2\" >Un colector de de\u0219euri autorizat din comuna B\u0103le\u0219ti a fost amendat cu 60.000 de lei de comisarii G\u0103rzii de Mediu Gorj, dup\u0103 ce ace\u0219tia au constatat nerespectarea obliga\u021biilor legale privind depozitarea de\u0219eurilor.\u00a0Potrivit G\u0103rzii de Mediu Gorj, operatorii economici care genereaz\u0103, de\u021bin sau colecteaz\u0103 de\u0219euri sunt [&hellip;]<\/p>\n","protected":false},"author":2,"featured_media":7154,"comment_status":"open","ping_status":"open","sticky":false,"template":"","format":"standard","meta":{"footnotes":""},"categories":[13,4],"tags":[],"class_list":["post-7153","post","type-post","status-publish","format-standard","has-post-thumbnail","hentry","category-eveniment","category-ultima-ora"],"_links":{"self":[{"href":"https:\/\/radarmedia.ro\/index.php\/wp-json\/wp\/v2\/posts\/7153","targetHints":{"allow":["GET"]}}],"collection":[{"href":"https:\/\/radarmedia.ro\/index.php\/wp-json\/wp\/v2\/posts"}],"about":[{"href":"https:\/\/radarmedia.ro\/index.php\/wp-json\/wp\/v2\/types\/post"}],"author":[{"embeddable":true,"href":"https:\/\/radarmedia.ro\/index.php\/wp-json\/wp\/v2\/users\/2"}],"replies":[{"embeddable":true,"href":"https:\/\/radarmedia.ro\/index.php\/wp-json\/wp\/v2\/comments?post=7153"}],"version-history":[{"count":1,"href":"https:\/\/radarmedia.ro\/index.php\/wp-json\/wp\/v2\/posts\/7153\/revisions"}],"predecessor-version":[{"id":7155,"href":"https:\/\/radarmedia.ro\/index.php\/wp-json\/wp\/v2\/posts\/7153\/revisions\/7155"}],"wp:featuredmedia":[{"embeddable":true,"href":"https:\/\/radarmedia.ro\/index.php\/wp-json\/wp\/v2\/media\/7154"}],"wp:attachment":[{"href":"https:\/\/radarmedia.ro\/index.php\/wp-json\/wp\/v2\/media?parent=7153"}],"wp:term":[{"taxonomy":"category","embeddable":true,"href":"https:\/\/radarmedia.ro\/index.php\/wp-json\/wp\/v2\/categories?post=7153"},{"taxonomy":"post_tag","embeddable":true,"href":"https:\/\/radarmedia.ro\/index.php\/wp-json\/wp\/v2\/tags?post=7153"}],"curies":[{"name":"wp","href":"https:\/\/api.w.org\/{rel}","templated":true}]}}